{"id":84953,"date":"2021-02-25T09:54:18","date_gmt":"2021-02-25T14:54:18","guid":{"rendered":"http:\/\/formalprision.com\/?p=84953"},"modified":"2021-02-25T09:54:18","modified_gmt":"2021-02-25T14:54:18","slug":"sin-un-programa-integral-las-adicciones-nos-pueden-ganar-la-batalla-ramirez-marin","status":"publish","type":"post","link":"https:\/\/formalprision.com\/?p=84953","title":{"rendered":"Sin un programa integral, las adicciones nos pueden ganar la batalla: Ram\u00edrez Mar\u00edn"},"content":{"rendered":"\n<p>En los \u00faltimos 5 a\u00f1os, el consumo de drogas entre los j\u00f3venes se increment\u00f3 considerablemente en Yucat\u00e1n: un 30% en el caso de los varones y un 200% en las mujeres, lo cual es sumamente preocupante, advirti\u00f3 el senador Jorge Carlos Ram\u00edrez Mar\u00edn.<\/p>\n\n\n\n<p>Adem\u00e1s, seg\u00fan datos del Centro de integraci\u00f3n Juvenil (CIJ) en la entidad, el consumo se registra a m\u00e1s temprana edad, ya que existen casos de ni\u00f1os a partir de los 10 a\u00f1os, una situaci\u00f3n que se ha agravado por la pandemia y el confinamiento, se\u00f1al\u00f3 el legislador.<\/p>\n\n\n\n<p>Ante este panorama, Ram\u00edrez Mar\u00edn afirm\u00f3 que la mejor estrategia para contrarrestar el impacto negativo de las drogas es apostar a dos ejes principales: la atenci\u00f3n oportuna de la salud f\u00edsica y mental de los j\u00f3venes y la recuperaci\u00f3n de los espacios p\u00fablicos, que permitan un sano esparcimiento de las familias.<\/p>\n\n\n\n<p>En su acostumbrada transmisi\u00f3n matutina en Facebook, el legislador yucateco tuvo como invitado en esta ocasi\u00f3n al m\u00fasico y vocalista del Grupo Cal\u00f3, Claudio Yarto, quien es un activista contra las adicciones, con quien abord\u00f3 el tema del consumo de drogas entre la juventud. <\/p>\n\n\n\n<p>El artista participa actualmente en la producci\u00f3n de un documental que llevar\u00e1 por nombre \u201cPresunto Muerto\u201d, en el que buscar\u00e1 crear conciencia sobre el tema, as\u00ed como la necesidad de generar pol\u00edticas p\u00fablicas que coadyuven en la lucha contra las adicciones en el pa\u00eds.<\/p>\n\n\n\n<p>\u201cNecesitamos intervenir en la sociedad, en las familias, dando a los j\u00f3venes oportunidades de entretenimiento y de diferentes actividades, tenerlos todas las tardes haciendo cosas, tomando clases de lo que sea, para evitar que est\u00e9n en las calles\u201d, se\u00f1al\u00f3 Ram\u00edrez Mar\u00edn.<\/p>\n\n\n\n<p>\u201cY necesitamos el apoyo de profesionales para inducirlos a una vida sana y productiva, alejados de las adicciones. Necesitamos un programa integral para combatir este problema\u201d, agreg\u00f3 el senador.<\/p>\n\n\n\n<p>A su vez, Claudio Yarto indic\u00f3 que es importante brindar atenci\u00f3n profesional a quienes ya tienen tienen el problema, pero siempre ser\u00e1 m\u00e1s importante la prevenci\u00f3n.<\/p>\n\n\n\n<p>\u201cTengo declaraciones de chavos de los anexos que me dicen: \u2018Yo prefiero estar en el reclusorio que en esto\u2019. \u00bfPor qu\u00e9?, porque no hay las instalaciones adecuadas, los tratan como si fueran animales y en vez de salir aliviados salen resentidos\u201d, se\u00f1al\u00f3 el int\u00e9rprete de \u201cPonte Atento\u201d.<\/p>\n\n\n\n<p>\u201cEn M\u00e9rida celebramos que tenemos una burbuja de seguridad y que somos una de las ciudades m\u00e1s seguras del pa\u00eds, pero si el mercado de las drogas sigue creciendo, no quiero pensar en lo que pueda pasar\u201d, alert\u00f3 Ram\u00edrez Mar\u00edn, quien hizo un llamado a los tres niveles de gobierno para mejorar sus estrategias en el combate y la atenci\u00f3n de las adicciones.<\/p>\n","protected":false},"excerpt":{"rendered":"<p>En los \u00faltimos 5 a\u00f1os, el consumo de drogas entre los j\u00f3venes se increment\u00f3 considerablemente en Yucat\u00e1n: un 30% en el caso de los varones y un 200% en las<\/p>\n","protected":false},"author":1,"featured_media":84955,"comment_status":"open","ping_status":"open","sticky":false,"template":"","format":"standard","meta":{"jetpack_post_was_ever_published":false,"_jetpack_newsletter_access":"","_jetpack_dont_email_post_to_subs":false,"_jetpack_newsletter_tier_id":0,"_jetpack_memberships_contains_paywalled_content":false,"_jetpack_memberships_contains_paid_content":false,"footnotes":"","jetpack_publicize_message":"En su acostumbrada transmisi\u00f3n matutina en Facebook, el legislador yucateco tuvo como invitado al m\u00fasico y vocalista del Grupo Cal\u00f3, Claudio Yarto, quien es un activista contra las adicciones, con quien abord\u00f3 el tema del consumo de drogas ","jetpack_publicize_feature_enabled":true,"jetpack_social_post_already_shared":true,"jetpack_social_options":{"image_generator_settings":{"template":"highway","default_image_id":0,"font":"","enabled":false},"version":2}},"categories":[14],"tags":[],"class_list":["post-84953","post","type-post","status-publish","format-standard","has-post-thumbnail","hentry","category-merida"],"jetpack_publicize_connections":[],"jetpack_featured_media_url":"https:\/\/formalprision.com\/wp-content\/uploads\/2021\/02\/IMAGE-2021-02-24-154504.jpg","jetpack_sharing_enabled":true,"jetpack_shortlink":"https:\/\/wp.me\/p6id8p-m6d","_links":{"self":[{"href":"https:\/\/formalprision.com\/index.php?rest_route=\/wp\/v2\/posts\/84953","targetHints":{"allow":["GET"]}}],"collection":[{"href":"https:\/\/formalprision.com\/index.php?rest_route=\/wp\/v2\/posts"}],"about":[{"href":"https:\/\/formalprision.com\/index.php?rest_route=\/wp\/v2\/types\/post"}],"author":[{"embeddable":true,"href":"https:\/\/formalprision.com\/index.php?rest_route=\/wp\/v2\/users\/1"}],"replies":[{"embeddable":true,"href":"https:\/\/formalprision.com\/index.php?rest_route=%2Fwp%2Fv2%2Fcomments&post=84953"}],"version-history":[{"count":0,"href":"https:\/\/formalprision.com\/index.php?rest_route=\/wp\/v2\/posts\/84953\/revisions"}],"wp:featuredmedia":[{"embeddable":true,"href":"https:\/\/formalprision.com\/index.php?rest_route=\/wp\/v2\/media\/84955"}],"wp:attachment":[{"href":"https:\/\/formalprision.com\/index.php?rest_route=%2Fwp%2Fv2%2Fmedia&parent=84953"}],"wp:term":[{"taxonomy":"category","embeddable":true,"href":"https:\/\/formalprision.com\/index.php?rest_route=%2Fwp%2Fv2%2Fcategories&post=84953"},{"taxonomy":"post_tag","embeddable":true,"href":"https:\/\/formalprision.com\/index.php?rest_route=%2Fwp%2Fv2%2Ftags&post=84953"}],"curies":[{"name":"wp","href":"https:\/\/api.w.org\/{rel}","templated":true}]}}