{"id":84961,"date":"2021-02-25T10:21:10","date_gmt":"2021-02-25T15:21:10","guid":{"rendered":"http:\/\/formalprision.com\/?p=84961"},"modified":"2021-02-25T21:18:22","modified_gmt":"2021-02-26T02:18:22","slug":"lopez-gatell-recibe-oxigenacion-suplementaria-tras-contraer-covid","status":"publish","type":"post","link":"https:\/\/formalprision.com\/?p=84961","title":{"rendered":"L\u00f3pez-Gatell recibe oxigenaci\u00f3n suplementaria tras contraer COVID"},"content":{"rendered":"\n<p>El subsecretario de Prevenci\u00f3n y Promoci\u00f3n de la Salud, Hugo L\u00f3pez-Gatell,&nbsp;<a target=\"_blank\" href=\"https:\/\/www.animalpolitico.com\/2021\/02\/lopez-gatell-confirma-positivo-covid-19\/\" rel=\"noreferrer noopener\">quien enferm\u00f3 por COVID-19<\/a>, requiri\u00f3 oxigenaci\u00f3n suplementaria tras registrar disminuci\u00f3n en sus niveles de respiraci\u00f3n.<\/p>\n\n\n\n<p>De acuerdo con el director general de Promoci\u00f3n de la Salud, Ricardo Cort\u00e9s Alcal\u00e1, el funcionario recibi\u00f3 esta medida auxiliar por recomendaci\u00f3n m\u00e9dica.<\/p>\n\n\n\n<p>\u201cEl doctor present\u00f3 el d\u00eda de ayer (23 de febrero) una disminuci\u00f3n leve en sus niveles de oxigenaci\u00f3n, y por recomendaci\u00f3n de su m\u00e9dico recibe oxigenaci\u00f3n suplementaria\u201d, respondi\u00f3 en&nbsp;<a target=\"_blank\" href=\"https:\/\/www.youtube.com\/watch?v=7VV0_LfEPqY\" rel=\"noreferrer noopener\">conferencia de prensa<\/a>.<\/p>\n\n\n\n<p>\u201cComo lo hemos dicho aqu\u00ed en todas las conferencias de prensa, la atenci\u00f3n temprana de los cuadros que pueden transitar de leves a moderados, van a rendir grandes frutos, para que no se compliquen y retornen a un cuadro leve, para una recuperaci\u00f3n absoluta\u201d, sostuvo.<\/p>\n\n\n\n<p>El pasado 20 de febrero, L\u00f3pez-Gatell dio a conocer que sali\u00f3 positivo a la prueba de ant\u00edgenos, por lo que estar\u00eda trabajando desde su casa.<\/p>\n\n\n\n<p>Un mes antes, el funcionario se realiz\u00f3 una prueba COVID tras el anuncio del presidente L\u00f3pez Obrador de su contagio de la enfermedad.<\/p>\n\n\n\n<p>En aquella ocasi\u00f3n el&nbsp;<a target=\"_blank\" href=\"https:\/\/twitter.com\/HLGatell\/status\/1354270404450381835\" rel=\"noreferrer noopener\"><em>resultado fue negativo<\/em><\/a>&nbsp;y explic\u00f3 que se mantendr\u00eda en aislamiento por precauci\u00f3n.<\/p>\n\n\n\n<p>El subsecretario L\u00f3pez-Gatell ha se\u00f1alado que&nbsp;\u201cel famoso cubrebocas&nbsp;sigue siendo un instrumento mayormente \u00fatil para no expulsar part\u00edculas l\u00edquidas que conllevan al virus\u201d, pero que su utilidad segu\u00eda siendo muy limitada \u201cpara protegernos a quienes lo usamos\u201d.<\/p>\n\n\n\n<p>Es&nbsp;decir, para proteger a personas sanas de un contagio, por got\u00edculas que emita alguien m\u00e1s.<\/p>\n\n\n\n<p>Salud federal dijo que&nbsp;<a target=\"_blank\" href=\"https:\/\/www.animalpolitico.com\/elsabueso\/cubrebocas-efectividad-contagios-uso-mundo-mexico\/\" rel=\"noreferrer noopener\">L\u00f3pez-Gatell basa esa afirmaci\u00f3n en un estudio<\/a>&nbsp;que present\u00f3 la Organizaci\u00f3n Mundial de la Salud y otro en el que particip\u00f3 el Instituto Nacional de Salud P\u00fablica (INSP)<\/p>\n","protected":false},"excerpt":{"rendered":"<p>El subsecretario de Prevenci\u00f3n y Promoci\u00f3n de la Salud, Hugo L\u00f3pez-Gatell,&nbsp;quien enferm\u00f3 por COVID-19, requiri\u00f3 oxigenaci\u00f3n suplementaria tras registrar disminuci\u00f3n en sus niveles de respiraci\u00f3n. De acuerdo con el director<\/p>\n","protected":false},"author":1,"featured_media":84798,"comment_status":"open","ping_status":"open","sticky":false,"template":"","format":"standard","meta":{"jetpack_post_was_ever_published":false,"_jetpack_newsletter_access":"","_jetpack_dont_email_post_to_subs":false,"_jetpack_newsletter_tier_id":0,"_jetpack_memberships_contains_paywalled_content":false,"_jetpack_memberships_contains_paid_content":false,"footnotes":"","jetpack_publicize_message":"El funcionario recibi\u00f3 esta medida auxiliar por recomendaci\u00f3n m\u00e9dica tras registrar disminuci\u00f3n en sus niveles de respiraci\u00f3n","jetpack_publicize_feature_enabled":true,"jetpack_social_post_already_shared":true,"jetpack_social_options":{"image_generator_settings":{"template":"highway","default_image_id":0,"font":"","enabled":false},"version":2}},"categories":[23,21],"tags":[],"class_list":["post-84961","post","type-post","status-publish","format-standard","has-post-thumbnail","hentry","category-del-mundo","category-nacionales"],"jetpack_publicize_connections":[],"jetpack_featured_media_url":"https:\/\/formalprision.com\/wp-content\/uploads\/2021\/02\/gatell.jpg","jetpack_sharing_enabled":true,"jetpack_shortlink":"https:\/\/wp.me\/p6id8p-m6l","_links":{"self":[{"href":"https:\/\/formalprision.com\/index.php?rest_route=\/wp\/v2\/posts\/84961","targetHints":{"allow":["GET"]}}],"collection":[{"href":"https:\/\/formalprision.com\/index.php?rest_route=\/wp\/v2\/posts"}],"about":[{"href":"https:\/\/formalprision.com\/index.php?rest_route=\/wp\/v2\/types\/post"}],"author":[{"embeddable":true,"href":"https:\/\/formalprision.com\/index.php?rest_route=\/wp\/v2\/users\/1"}],"replies":[{"embeddable":true,"href":"https:\/\/formalprision.com\/index.php?rest_route=%2Fwp%2Fv2%2Fcomments&post=84961"}],"version-history":[{"count":0,"href":"https:\/\/formalprision.com\/index.php?rest_route=\/wp\/v2\/posts\/84961\/revisions"}],"wp:featuredmedia":[{"embeddable":true,"href":"https:\/\/formalprision.com\/index.php?rest_route=\/wp\/v2\/media\/84798"}],"wp:attachment":[{"href":"https:\/\/formalprision.com\/index.php?rest_route=%2Fwp%2Fv2%2Fmedia&parent=84961"}],"wp:term":[{"taxonomy":"category","embeddable":true,"href":"https:\/\/formalprision.com\/index.php?rest_route=%2Fwp%2Fv2%2Fcategories&post=84961"},{"taxonomy":"post_tag","embeddable":true,"href":"https:\/\/formalprision.com\/index.php?rest_route=%2Fwp%2Fv2%2Ftags&post=84961"}],"curies":[{"name":"wp","href":"https:\/\/api.w.org\/{rel}","templated":true}]}}