{"id":84963,"date":"2021-02-25T12:48:05","date_gmt":"2021-02-25T17:48:05","guid":{"rendered":"http:\/\/formalprision.com\/?p=84963"},"modified":"2021-02-27T07:53:39","modified_gmt":"2021-02-27T12:53:39","slug":"la-ciclovia-una-exigencia-de-hace-anos-de-los-ciclistas-en-merida","status":"publish","type":"post","link":"https:\/\/formalprision.com\/?p=84963","title":{"rendered":"La Ciclov\u00eda, una exigencia de hace a\u00f1os de los ciclistas en M\u00e9rida"},"content":{"rendered":"\n<p>La agrupaci\u00f3n Cicloturixes externa su apoyo a la ciclov\u00eda que se construye en diversas calles de M\u00e9rida:<\/p>\n\n\n\n<p>Las nuevas obras del Plan de Infraestructura de Ciclov\u00edas para M\u00e9rida, son acciones que se hab\u00edan exigido desde hace much\u00edsimo tiempo por importantes sectores de la poblaci\u00f3n que usan la bicicleta como medio de transporte para poder trasladarse a sus centros de trabajo y realizar sus actividades cotidianas de manera m\u00e1s segura y a la cual tambi\u00e9n tienen derecho.<\/p>\n\n\n\n<p>Ya era tiempo de que la capital yucateca tambi\u00e9n considerara tanto a los ciclistas como a los peatones en el presupuestos de obra p\u00fablica, pues estos sectores tambi\u00e9n requieren que se hagan inversiones en una infraestructura vial que les permita tener una movilidad m\u00e1s segura por la ciudad.<\/p>\n\n\n\n<p>Para nosotros, estos 71.7 kil\u00f3metros de ciclov\u00edas que se construyen en los cuatro puntos cardinales de la ciudad, son y deben ser el principio de una gran red que permita a los ciclistas y tambi\u00e9n a peatones y automovilistas, desplazarnos con seguridad, convivir y usar el espacio p\u00fablico de una manera arm\u00f3nica y con una mayor conciencia y convivencia vial.<\/p>\n\n\n\n<p>Los automovilistas deben saber que en las calles tambi\u00e9n hay peatones y ciclistas y deben compartir las vialidades; los conductores deben aprender a manejar a las velocidades permitidas y entender que al darle un espacio m\u00e1s seguro a ciclistas y peatones, tambi\u00e9n ellos pueden conducir con mayor seguridad y tranquilidad.<\/p>\n\n\n\n<p>Si bien es normal que haya una resistencia inicial a las ciclov\u00edas pues exist\u00eda la costumbre de que las obras viales que se hac\u00edan eran exclusivamente para automovilistas, la realidad es que la calle es de todas y todos, y eso incluye tambi\u00e9n a quienes usan otro tipo de veh\u00edculos para transportarse como los peatones y a las personas con discapacidad.<\/p>\n\n\n\n<p>Con estas obras las autoridades estatales y municipales est\u00e1n asumiendo la responsabilidad p\u00fablica de hacer obras para todos, por lo que es importante que este Plan deje de verse como algo que que estorba, sino que debe verse como un esfuerzo que contribuye a la movilidad en condiciones de seguridad vial, accesibilidad, eficiencia, igualdad y sostenibilidad, consignada de esa manera en la Constituci\u00f3n.<\/p>\n\n\n\n<p>Everardo Flores G\u00f3mez<br>Presidente de CicloTurixes A.C<\/p>\n","protected":false},"excerpt":{"rendered":"<p>La agrupaci\u00f3n Cicloturixes externa su apoyo a la ciclov\u00eda que se construye en diversas calles de M\u00e9rida: Las nuevas obras del Plan de Infraestructura de Ciclov\u00edas para M\u00e9rida, son acciones<\/p>\n","protected":false},"author":2,"featured_media":84965,"comment_status":"open","ping_status":"open","sticky":false,"template":"","format":"standard","meta":{"jetpack_post_was_ever_published":false,"_jetpack_newsletter_access":"","_jetpack_dont_email_post_to_subs":false,"_jetpack_newsletter_tier_id":0,"_jetpack_memberships_contains_paywalled_content":false,"_jetpack_memberships_contains_paid_content":false,"footnotes":"","jetpack_publicize_message":"La Ciclov\u00eda debe ser el principio de una gran red que permita a ciclistas y tambi\u00e9n a peatones y automovilistas, desplazarse con seguridad: CicloTurixes","jetpack_publicize_feature_enabled":true,"jetpack_social_post_already_shared":true,"jetpack_social_options":{"image_generator_settings":{"template":"highway","default_image_id":0,"font":"","enabled":false},"version":2}},"categories":[14],"tags":[],"class_list":["post-84963","post","type-post","status-publish","format-standard","has-post-thumbnail","hentry","category-merida"],"jetpack_publicize_connections":[],"jetpack_featured_media_url":"https:\/\/formalprision.com\/wp-content\/uploads\/2021\/02\/clos.jpg","jetpack_sharing_enabled":true,"jetpack_shortlink":"https:\/\/wp.me\/p6id8p-m6n","_links":{"self":[{"href":"https:\/\/formalprision.com\/index.php?rest_route=\/wp\/v2\/posts\/84963","targetHints":{"allow":["GET"]}}],"collection":[{"href":"https:\/\/formalprision.com\/index.php?rest_route=\/wp\/v2\/posts"}],"about":[{"href":"https:\/\/formalprision.com\/index.php?rest_route=\/wp\/v2\/types\/post"}],"author":[{"embeddable":true,"href":"https:\/\/formalprision.com\/index.php?rest_route=\/wp\/v2\/users\/2"}],"replies":[{"embeddable":true,"href":"https:\/\/formalprision.com\/index.php?rest_route=%2Fwp%2Fv2%2Fcomments&post=84963"}],"version-history":[{"count":0,"href":"https:\/\/formalprision.com\/index.php?rest_route=\/wp\/v2\/posts\/84963\/revisions"}],"wp:featuredmedia":[{"embeddable":true,"href":"https:\/\/formalprision.com\/index.php?rest_route=\/wp\/v2\/media\/84965"}],"wp:attachment":[{"href":"https:\/\/formalprision.com\/index.php?rest_route=%2Fwp%2Fv2%2Fmedia&parent=84963"}],"wp:term":[{"taxonomy":"category","embeddable":true,"href":"https:\/\/formalprision.com\/index.php?rest_route=%2Fwp%2Fv2%2Fcategories&post=84963"},{"taxonomy":"post_tag","embeddable":true,"href":"https:\/\/formalprision.com\/index.php?rest_route=%2Fwp%2Fv2%2Ftags&post=84963"}],"curies":[{"name":"wp","href":"https:\/\/api.w.org\/{rel}","templated":true}]}}