{"id":84969,"date":"2021-02-25T14:02:48","date_gmt":"2021-02-25T19:02:48","guid":{"rendered":"http:\/\/formalprision.com\/?p=84969"},"modified":"2021-02-27T07:53:25","modified_gmt":"2021-02-27T12:53:25","slug":"este-ano-sera-leve-la-sequia-en-la-peninsula-de-yucatan","status":"publish","type":"post","link":"https:\/\/formalprision.com\/?p=84969","title":{"rendered":"Este a\u00f1o ser\u00e1 leve la sequ\u00eda en la Pen\u00ednsula de Yucat\u00e1n"},"content":{"rendered":"\n<p>Inicia la temporada de anticiclones en la zona de la pen\u00ednsula de Yucat\u00e1n, los cuales traen consigo largos periodos de ambiente seco y estable adem\u00e1s de mucho calor. Esto a su vez, provoca una disminuci\u00f3n normal de las lluvias en la regi\u00f3n, aunque afortunadamente no tenemos niveles de sequ\u00eda en la zona.<\/p>\n\n\n\n<p>Antes que nada, es importante aclarar lo que significa una sequ\u00eda y cuales son sus tipos. Comenzamos con la sequ\u00eda meteorol\u00f3gica, la cual se refiere a un periodo prolongado de tiempo en el que llueva menos que el promedio en una regi\u00f3n dada. La sequ\u00eda hidrol\u00f3gica, que se manifiesta cuando la reserva de agua en el acu\u00edfero cae por debajo de la media y la sequ\u00eda agr\u00edcola, generalmente asociada a situaciones de impacto ecol\u00f3gico por erosi\u00f3n, calidad del suelo y tambi\u00e9n ligada a los otros tipos de sequ\u00edas.<\/p>\n\n\n\n<p><strong>Poco probable que afecte una sequ\u00eda intensa a la pen\u00ednsula<\/strong><\/p>\n\n\n\n<p>Con lo argumentado anteriormente, realmente es poco probable que la disminuci\u00f3n natural de las lluvias en la regi\u00f3n cause un alto impacto de sequ\u00eda. Primeramente porque febrero fue m\u00e1s lluvioso de lo normal, y la situaci\u00f3n que se espera para marzo y abril, en caso de que sea muy seca, no representar\u00eda el tiempo suficiente como para causar un alto estatus de sequ\u00eda en la pen\u00ednsula; sobre todo si ya desde mayo comienza la temporada de lluvias.<\/p>\n\n\n\n<p>Por otra parte, es normal que parte de los montes se sequen en esta \u00e9poca del a\u00f1o, algo que ha pasado siempre. Son procesos de la naturaleza que con la temporada de lluvias se equilibran. Anomal\u00eda o sequ\u00eda ser\u00eda que deje de llover o llueva por debajo del promedio por meses y hasta en temporada de lluvias, algo que ser\u00eda muy evidente. En todo caso, lo que s\u00ed es importante es tomar precauciones para la temporada de quemas, que llueva o no, cada a\u00f1o puede representar riesgos para la agricultura y la poblaci\u00f3n.<\/p>\n","protected":false},"excerpt":{"rendered":"<p>Inicia la temporada de anticiclones en la zona de la pen\u00ednsula de Yucat\u00e1n, los cuales traen consigo largos periodos de ambiente seco y estable adem\u00e1s de mucho calor. Esto a<\/p>\n","protected":false},"author":2,"featured_media":84971,"comment_status":"open","ping_status":"open","sticky":false,"template":"","format":"standard","meta":{"jetpack_post_was_ever_published":false,"_jetpack_newsletter_access":"","_jetpack_dont_email_post_to_subs":false,"_jetpack_newsletter_tier_id":0,"_jetpack_memberships_contains_paywalled_content":false,"_jetpack_memberships_contains_paid_content":false,"footnotes":"","jetpack_publicize_message":"","jetpack_publicize_feature_enabled":true,"jetpack_social_post_already_shared":true,"jetpack_social_options":{"image_generator_settings":{"template":"highway","default_image_id":0,"font":"","enabled":false},"version":2}},"categories":[14],"tags":[],"class_list":["post-84969","post","type-post","status-publish","format-standard","has-post-thumbnail","hentry","category-merida"],"jetpack_publicize_connections":[],"jetpack_featured_media_url":"https:\/\/formalprision.com\/wp-content\/uploads\/2021\/02\/sequia.jpg","jetpack_sharing_enabled":true,"jetpack_shortlink":"https:\/\/wp.me\/p6id8p-m6t","_links":{"self":[{"href":"https:\/\/formalprision.com\/index.php?rest_route=\/wp\/v2\/posts\/84969","targetHints":{"allow":["GET"]}}],"collection":[{"href":"https:\/\/formalprision.com\/index.php?rest_route=\/wp\/v2\/posts"}],"about":[{"href":"https:\/\/formalprision.com\/index.php?rest_route=\/wp\/v2\/types\/post"}],"author":[{"embeddable":true,"href":"https:\/\/formalprision.com\/index.php?rest_route=\/wp\/v2\/users\/2"}],"replies":[{"embeddable":true,"href":"https:\/\/formalprision.com\/index.php?rest_route=%2Fwp%2Fv2%2Fcomments&post=84969"}],"version-history":[{"count":0,"href":"https:\/\/formalprision.com\/index.php?rest_route=\/wp\/v2\/posts\/84969\/revisions"}],"wp:featuredmedia":[{"embeddable":true,"href":"https:\/\/formalprision.com\/index.php?rest_route=\/wp\/v2\/media\/84971"}],"wp:attachment":[{"href":"https:\/\/formalprision.com\/index.php?rest_route=%2Fwp%2Fv2%2Fmedia&parent=84969"}],"wp:term":[{"taxonomy":"category","embeddable":true,"href":"https:\/\/formalprision.com\/index.php?rest_route=%2Fwp%2Fv2%2Fcategories&post=84969"},{"taxonomy":"post_tag","embeddable":true,"href":"https:\/\/formalprision.com\/index.php?rest_route=%2Fwp%2Fv2%2Ftags&post=84969"}],"curies":[{"name":"wp","href":"https:\/\/api.w.org\/{rel}","templated":true}]}}