{"id":8497,"date":"2011-03-31T14:26:00","date_gmt":"2011-03-31T14:26:00","guid":{"rendered":"http:\/\/formalprision.info\/2011\/03\/31\/se-hunde-un-barco-con-1500-toneladas-de\/"},"modified":"2015-06-03T08:57:53","modified_gmt":"2015-06-03T08:57:53","slug":"se-hunde-un-barco-con-1500-toneladas-de","status":"publish","type":"post","link":"https:\/\/formalprision.com\/?p=8497","title":{"rendered":"Se hunde un barco con 1500 toneladas de sal yucateca"},"content":{"rendered":"<p>Un cargamento de 1,500 toneladas de sal yucateca producida por la Industria Salinera de Yucat\u00e1n, S.A. (ISYSA) se hundi\u00f3 frente a costas de Belice luego de que la embarcaci\u00f3n zozobrara ante los fuertes vientos y oleajes de la zona. En el buque carguero MV Helga, de bandera de Panam\u00e1, que cada mes atracaba en el muelle salinero de Las Coloradas, viajaban 11 tripulantes cubanos, de los cuales solo ocho fueron rescatados por autoridades mar\u00edtimas de Belice. Otros tres marineros, Nelson P\u00e9rez Ardao y Alexis Gonz\u00e1lez Cune, as\u00ed como el capit\u00e1n del barco, Arturo Edreira Cuza, se encuentran desaparecidos. Los rescatados, varios de los cuales ten\u00edan cercanas amistades con vecinos del oriente del Estado son Iraelio Mengana Garc\u00eda, de 47 a\u00f1os, Garnado Armando Mart\u00ednez, de 47 a\u00f1os de edad, Antonio P\u00e9rez Sadez, de 37 a\u00f1os de edad, Humberto Iglesias Hern\u00e1ndez, de 49. Tambi\u00e9n se salvaron, de 43 a\u00f1os, Alfredo Mart\u00ednez Porta, de 46 a\u00f1os de edad, Jos\u00e9 Consta Nalia, de 38 a\u00f1os de edad, George Herrera Aldana, y de 39 a\u00f1os de edad el marinero Joaqu\u00edn Ruiz de Z\u00e1rate Arribas. De acuerdo con informaci\u00f3n proporcionada por la Administraci\u00f3n Portuaria Integral (API) de Progreso, el buque carguero MV Helga, con bandera paname\u00f1a y de 71 metros de eslora (largo), atrac\u00f3 en el puerto de Las Coloradas el pasado 16 de marzo a las 3:10 de la tarde. Seg\u00fan la API de Progreso, tras un d\u00eda de maniobras, el buque zarp\u00f3 el 17 de marzo al mediod\u00eda con destino a Puerto Cort\u00e9s, Honduras. La Capitan\u00eda de Puerto de Progreso confirm\u00f3 que el buque Helga ten\u00eda como ruta com\u00fan la carga de sal entre Las Coloradas y el citado pa\u00eds sudamericano, pues la Industria Salinera de Yucat\u00e1n, propiedad de la familia Roche, comercializa con mucha frecuencia ese producto a pa\u00edses de centro y sudam\u00e9rica. El carguero Helga se hundi\u00f3 a las 11:30 de la noche del s\u00e1bado 19, a unas cuatro millas al este de Cayo Caulker, frente a las costas de Belice . El Comandante de Operaciones de la Guardia Nacional de Belice Costa, Gregorio Soberanis, confirm\u00f3 a varios medios de ese pa\u00eds que se realizan inspecciones en el casco de la nave para detectar si hay fuga de combustibles que pudieran contaminar el lecho marino. La b\u00fasqueda de los marineros desaparecidos fue suspendida oficialmente el martes pasado. (tomado del portal ProgresoHoy.com)<\/p>\n","protected":false},"excerpt":{"rendered":"<p>Un cargamento de 1,500 toneladas de sal yucateca producida por la Industria Salinera de Yucat\u00e1n, S.A. (ISYSA) se hundi\u00f3 frente a costas de Belice luego de que la embarcaci\u00f3n zozobrara<\/p>\n","protected":false},"author":1,"featured_media":0,"comment_status":"open","ping_status":"open","sticky":false,"template":"","format":"standard","meta":{"jetpack_post_was_ever_published":false,"_jetpack_newsletter_access":"","_jetpack_dont_email_post_to_subs":false,"_jetpack_newsletter_tier_id":0,"_jetpack_memberships_contains_paywalled_content":false,"_jetpack_memberships_contains_paid_content":false,"footnotes":"","jetpack_publicize_message":"","jetpack_publicize_feature_enabled":true,"jetpack_social_post_already_shared":false,"jetpack_social_options":{"image_generator_settings":{"template":"highway","default_image_id":0,"font":"","enabled":false},"version":2}},"categories":[3,1,49],"tags":[],"class_list":["post-8497","post","type-post","status-publish","format-standard","hentry","category-portada","category-sin-categoria","category-tocho-morocho"],"jetpack_publicize_connections":[],"jetpack_featured_media_url":"","jetpack_sharing_enabled":true,"jetpack_shortlink":"https:\/\/wp.me\/p6id8p-2d3","_links":{"self":[{"href":"https:\/\/formalprision.com\/index.php?rest_route=\/wp\/v2\/posts\/8497","targetHints":{"allow":["GET"]}}],"collection":[{"href":"https:\/\/formalprision.com\/index.php?rest_route=\/wp\/v2\/posts"}],"about":[{"href":"https:\/\/formalprision.com\/index.php?rest_route=\/wp\/v2\/types\/post"}],"author":[{"embeddable":true,"href":"https:\/\/formalprision.com\/index.php?rest_route=\/wp\/v2\/users\/1"}],"replies":[{"embeddable":true,"href":"https:\/\/formalprision.com\/index.php?rest_route=%2Fwp%2Fv2%2Fcomments&post=8497"}],"version-history":[{"count":0,"href":"https:\/\/formalprision.com\/index.php?rest_route=\/wp\/v2\/posts\/8497\/revisions"}],"wp:attachment":[{"href":"https:\/\/formalprision.com\/index.php?rest_route=%2Fwp%2Fv2%2Fmedia&parent=8497"}],"wp:term":[{"taxonomy":"category","embeddable":true,"href":"https:\/\/formalprision.com\/index.php?rest_route=%2Fwp%2Fv2%2Fcategories&post=8497"},{"taxonomy":"post_tag","embeddable":true,"href":"https:\/\/formalprision.com\/index.php?rest_route=%2Fwp%2Fv2%2Ftags&post=8497"}],"curies":[{"name":"wp","href":"https:\/\/api.w.org\/{rel}","templated":true}]}}