{"id":84973,"date":"2021-02-25T20:56:26","date_gmt":"2021-02-26T01:56:26","guid":{"rendered":"http:\/\/formalprision.com\/?p=84973"},"modified":"2021-02-25T22:21:38","modified_gmt":"2021-02-26T03:21:38","slug":"daran-creditos-para-computadoras-con-el-dinero-que-no-se-uso-del-carnaval-virtual","status":"publish","type":"post","link":"https:\/\/formalprision.com\/?p=84973","title":{"rendered":"Dar\u00e1n cr\u00e9ditos para computadoras con el dinero que no se us\u00f3 del carnaval virtual"},"content":{"rendered":"\n<p>M\u00e9rida, 25 de febrero de 2021. \u00abEl alcalde Ren\u00e1n Barrera Concha present\u00f3 este d\u00eda la convocatoria del programa \u201cComputadora en casa\u201d, en el que se invertir\u00e1n 10 millones con recursos que se redireccionaron de la cancelaci\u00f3n del Carnaval virtual 2021.<\/p>\n\n\n\n<p>Indic\u00f3 que este programa se manejar\u00e1 con total transparencia, con reglas claras y abiertas.<\/p>\n\n\n\n<p>Agreg\u00f3 que la aprobaci\u00f3n de la lista de beneficiarios estar\u00e1 a cargo de un comit\u00e9 que integrar\u00e1n, adem\u00e1s del Presidente Municipal, los directores de Bienestar Social, Jes\u00fas Aguilar y Aguilar; DIF Municipal, Susy Pasos Alpuche; Desarrollo Econ\u00f3mico y Turismo, Eduardo Seijo Sol\u00eds, as\u00ed como el subdirector de Educaci\u00f3n, Aldo D\u00edaz Novelo y la regidora que presida la Comisi\u00f3n Especial de Educaci\u00f3n.<\/p>\n\n\n\n<p>Este comit\u00e9 se encargar\u00e1 de analizar, vigilar y realizar el proceso que incluye estudios socioecon\u00f3micos a los interesados en inscribirse al programa.<\/p>\n\n\n\n<p>Explic\u00f3 que en una primera etapa se repartir\u00e1n 1,000 computadoras compradas a un costo preferencial de alrededor de $10,000 (precio en el mercado $14,000). El subsidio municipal ser\u00e1 por el 40% y el cr\u00e9dito por el 60% restante que se deber\u00e1 cubrir en 12 mensualidades.<\/p>\n\n\n\n<p>La convocatoria estar\u00e1 disponible a partir del 1 de marzo en nuestro sitio web&nbsp;<a href=\"https:\/\/www.merida.gob.mx\/\">www.merida.gob.mx<\/a>&nbsp;donde se podr\u00e1n conocer los tr\u00e1mites y requisitos necesarios para participar en este programa, a\u00f1adi\u00f3.<\/p>\n\n\n\n<p>En su turno, Eduardo Seijo precis\u00f3 que el cr\u00e9dito que recibir\u00e1n los beneficiarios, del 60% del predio del producto, tendr\u00e1 tasa de inter\u00e9s de 8% anual, la misma que se ofrece en los cr\u00e9ditos Micromer, y el pago ser\u00e1 a 12 meses.<\/p>\n\n\n\n<p>La factura ser\u00e1 entregada al beneficiario en cuanto cubra la totalidad del cr\u00e9dito.<\/p>\n\n\n\n<p>Inform\u00f3 que las computadoras que se ofrecer\u00e1n como parte de este programa son port\u00e1tiles, con procesador de 2 n\u00facleos y 2 hilos (threads) con frecuencia base de 1.1 gigahercio, cach\u00e9 de 2 megabyte, memoria de 4 gigabyte y almacenamiento de 512 gb, 2 puertos USB y un puerto 3.5 mm para auriculares\/ micr\u00f3fono.<\/p>\n\n\n\n<p>Adem\u00e1s, conexi\u00f3n inal\u00e1mbrica de Wi-fi, bluetooth 4.0, pantalla de 14\u201d LED, resoluci\u00f3n HD (1366 x 768), c\u00e1mara web integrada, bater\u00eda de 10,000 mah, sistema operativo con licencia Windows 10 64 bits y con garant\u00eda de f\u00e1brica de 1 a\u00f1o en todas sus partes, incluyendo la bater\u00eda.<\/p>\n\n\n\n<p>Los tr\u00e1mites para inscribirse a \u201cComputadora en casa\u201d se podr\u00e1n realizar en la plataforma&nbsp;<a href=\"https:\/\/www.merida.gob.mx\/\">www.merida.gob.mx<\/a>&nbsp;y de manera presencial de 9 a 15 horas en el departamento de Apoyos Educativos en la subdirecci\u00f3n de Educaci\u00f3n y Bienestar Social.<\/p>\n","protected":false},"excerpt":{"rendered":"<p>M\u00e9rida, 25 de febrero de 2021. \u00abEl alcalde Ren\u00e1n Barrera Concha present\u00f3 este d\u00eda la convocatoria del programa \u201cComputadora en casa\u201d, en el que se invertir\u00e1n 10 millones con recursos<\/p>\n","protected":false},"author":1,"featured_media":84782,"comment_status":"open","ping_status":"open","sticky":false,"template":"","format":"standard","meta":{"jetpack_post_was_ever_published":false,"_jetpack_newsletter_access":"","_jetpack_dont_email_post_to_subs":false,"_jetpack_newsletter_tier_id":0,"_jetpack_memberships_contains_paywalled_content":false,"_jetpack_memberships_contains_paid_content":false,"footnotes":"","jetpack_publicize_message":"Se invertir\u00e1n 10 millones. En una primera etapa se repartir\u00e1n 1,000 computadoras compradas a $10,000 (en el mercado cuesta $14,000). El subsidio municipal ser\u00e1 por el 40% y el cr\u00e9dito por el 60% restante se deber\u00e1 cubrir en 12 mensualidades","jetpack_publicize_feature_enabled":true,"jetpack_social_post_already_shared":true,"jetpack_social_options":{"image_generator_settings":{"template":"highway","default_image_id":0,"font":"","enabled":false},"version":2}},"categories":[54],"tags":[],"class_list":["post-84973","post","type-post","status-publish","format-standard","has-post-thumbnail","hentry","category-yucatan"],"jetpack_publicize_connections":[],"jetpack_featured_media_url":"https:\/\/formalprision.com\/wp-content\/uploads\/2021\/02\/images-44.jpg","jetpack_sharing_enabled":true,"jetpack_shortlink":"https:\/\/wp.me\/p6id8p-m6x","_links":{"self":[{"href":"https:\/\/formalprision.com\/index.php?rest_route=\/wp\/v2\/posts\/84973","targetHints":{"allow":["GET"]}}],"collection":[{"href":"https:\/\/formalprision.com\/index.php?rest_route=\/wp\/v2\/posts"}],"about":[{"href":"https:\/\/formalprision.com\/index.php?rest_route=\/wp\/v2\/types\/post"}],"author":[{"embeddable":true,"href":"https:\/\/formalprision.com\/index.php?rest_route=\/wp\/v2\/users\/1"}],"replies":[{"embeddable":true,"href":"https:\/\/formalprision.com\/index.php?rest_route=%2Fwp%2Fv2%2Fcomments&post=84973"}],"version-history":[{"count":0,"href":"https:\/\/formalprision.com\/index.php?rest_route=\/wp\/v2\/posts\/84973\/revisions"}],"wp:featuredmedia":[{"embeddable":true,"href":"https:\/\/formalprision.com\/index.php?rest_route=\/wp\/v2\/media\/84782"}],"wp:attachment":[{"href":"https:\/\/formalprision.com\/index.php?rest_route=%2Fwp%2Fv2%2Fmedia&parent=84973"}],"wp:term":[{"taxonomy":"category","embeddable":true,"href":"https:\/\/formalprision.com\/index.php?rest_route=%2Fwp%2Fv2%2Fcategories&post=84973"},{"taxonomy":"post_tag","embeddable":true,"href":"https:\/\/formalprision.com\/index.php?rest_route=%2Fwp%2Fv2%2Ftags&post=84973"}],"curies":[{"name":"wp","href":"https:\/\/api.w.org\/{rel}","templated":true}]}}