{"id":84988,"date":"2021-02-26T09:22:30","date_gmt":"2021-02-26T14:22:30","guid":{"rendered":"http:\/\/formalprision.com\/?p=84988"},"modified":"2021-02-26T09:22:30","modified_gmt":"2021-02-26T14:22:30","slug":"en-marcha-repavimentacion-del-anillo-periferico-de-merida","status":"publish","type":"post","link":"https:\/\/formalprision.com\/?p=84988","title":{"rendered":"En marcha, repavimentaci\u00f3n del Anillo Perif\u00e9rico de M\u00e9rida"},"content":{"rendered":"\n<p>M\u00e9rida, Yucat\u00e1n, 25 de febrero de 2021.- El gobernador Mauricio Vila Dosal y el alcalde de esta ciudad, Ren\u00e1n Barrera Concha, pusieron en marcha los trabajos de repavimentaci\u00f3n de 10 kil\u00f3metros cr\u00edticos del Anillo Perif\u00e9rico, proyecto contemplado en el Programa Conjunto de Mejora a la Movilidad y la Infraestructura Vial, que vendr\u00e1 a ofrecer un traslado m\u00e1s \u00e1gil y&nbsp; seguro para quienes circulan por esta importante v\u00eda.<\/p>\n\n\n\n<p>En los bajos del puente M\u00e9rida-Tetiz,&nbsp; dieron el banderazo que marc\u00f3 el inicio de esta obra que tendr\u00e1 una inversi\u00f3n de 50 millones de pesos, que atender\u00e1 una de las problem\u00e1ticas m\u00e1s sentidas e impostergables para mejorar la movilidad en este punto de la ciudad.<\/p>\n\n\n\n<p>El Perif\u00e9rico es una de las arterias m\u00e1s transitadas y su repavimentaci\u00f3n es responsabilidad del Gobierno federal, toda vez que se trata de una v\u00eda federal, pero hasta el momento no se han recibido recursos para esta labor.<\/p>\n\n\n\n<p>Por ello, el Gobierno estatal y el Ayuntamiento se decidieron atender su repavimentaci\u00f3n en los puntos m\u00e1s cr\u00edticos debido a que es una necesidad urgente, por lo que se espera continuar con este proyecto y que se agregue la Federaci\u00f3n a esta suma de esfuerzos para ir avanzando m\u00e1s. Con ello, se busca hacer m\u00e1s eficiente el flujo vehicular, minimizar tiempos de tr\u00e1fico, reducir accidentes e impulsar la generaci\u00f3n de empleos.<\/p>\n\n\n\n<p>Sin duda, la intervenci\u00f3n del Anillo Perif\u00e9rico se ha vuelto una prioridad que no puede ser aplazada ante el exponencial crecimiento que la ciudad ha presentado en los \u00faltimos a\u00f1os, por lo que, en el marco de la Agenda 2050, el gobierno de Vila Dosal y el Ayuntamiento&nbsp; est\u00e1n sumando esfuerzos para atender esta problem\u00e1tica y mejorar la calidad de vida de los yucatecos.<\/p>\n\n\n\n<p>Cabe mencionar que el Anillo Perif\u00e9rico de&nbsp; cuenta con una longitud de casi 50 kil\u00f3metros en cada cuerpo de la v\u00eda, por lo que se decidi\u00f3 dar el primer paso para su mejoramiento e intervenir los primeros 10 kil\u00f3metros cr\u00edticos, 5&nbsp; del cuerpo interior y otros 5&nbsp; del exterior. No obstante, se espera que el Gobierno Federal pueda sumarse a este proyecto para abarcar una mayor distancia.<\/p>\n\n\n\n<p>Al respecto, el titular de la Secretar\u00eda de Obras P\u00fablicas (SOP), Virgilio Crespo M\u00e9ndez, explic\u00f3 que esta obra no contempla la intervenci\u00f3n a ambos carriles de los tramos considerados, sino que se estar\u00e1 dando prioridad a aquellos donde se han detectado da\u00f1os m\u00e1s importantes y que requieren la atenci\u00f3n con urgencia, beneficiando as\u00ed a 959,748 habitantes.<\/p>\n\n\n\n<p>Asimismo, indic\u00f3 que como parte de esta obra, el Gobierno del Estado estar\u00e1 repavimentando 7 kil\u00f3metros y el Ayuntamiento de M\u00e9rida&nbsp; 3 y para ello, se estar\u00e1n realizando labores de fresado, renivelaci\u00f3n, bacheo, construcci\u00f3n de carpeta de concreto en caliente de 8 cent\u00edmetros de espesor, riego de tap\u00f3n y se estar\u00e1 colocando se\u00f1alamiento.<\/p>\n\n\n\n<p>En ese sentido, detall\u00f3 que dichas labores se realizar\u00e1n durante el d\u00eda, por lo que en coordinaci\u00f3n con la Secretar\u00eda de Seguridad P\u00fablica (SSP), se implementar\u00e1 un operativo vial y se colocar\u00e1n se\u00f1alizaciones en el \u00e1rea para agilizar la circulaci\u00f3n por las zonas a intervenir. Ante esto, se exhorta a la ciudadan\u00eda a tomar sus previsiones al transitar por esta arteria para evitar accidentes y contratiempos.<\/p>\n\n\n\n<p>En ese marco, el titular de la SOP se\u00f1al\u00f3 que no se cerrar\u00e1n por completo los carriles, sino que se estar\u00e1 trabajando primero en una mitad y despu\u00e9s se pasar\u00e1 a la otra, esto con el objetivo de no entorpecer el tr\u00e1nsito por esas zonas.<\/p>\n\n\n\n<p>Por \u00faltimo, el secretario estatal indic\u00f3 que esta arteria tiene m\u00e1s de 15 a\u00f1os sin recibir mantenimiento de este tipo, por lo que ya es necesaria esta intervenci\u00f3n, puesto que el asfalto ha cumplido con su vida \u00fatil, lo que ha propiciado la creaci\u00f3n de grietas y baches.<\/p>\n\n\n\n<p>Ante ello, se\u00f1al\u00f3 que el Gobierno de Vila Dosal ha dado mantenimiento constante al Anillo Perif\u00e9rico a trav\u00e9s del bacheo correctivo, que representa la intervenci\u00f3n de aproximadamente 15 mil metros cuadrados cada a\u00f1o para mantenerlo en condiciones de funcionalidad, sin embargo, hay tramos que presentan un importante deterioro, que lo hacen peligro para transitar.<\/p>\n\n\n\n<p>De acuerdo con este plan, se estar\u00e1 interviniendo el cuerpo interior del Anillo Perif\u00e9rico en los siguientes tramos: del kil\u00f3metro 6.5 antes del Paso Superior Vehicular de la calle 86 hasta antes de subir la rampa del de la calle 86; desde frente a Soluci\u00f3n N\u00e1utica hasta gasolinera&nbsp; de Torre Ori\u00f3n; del Paso hacia Celest\u00fan hasta 200 metros antes del CEDIS YZA; y desde los bajos del Paso de Um\u00e1n hasta 100 metros despu\u00e9s de los rieles del ferrocarril.<\/p>\n\n\n\n<p>De igual forma, se estar\u00e1 trabajando en los tramos que van desde donde se encuentra el negocio de gr\u00faas Monarca hasta 500 metros antes de la rampa del Paso de la calle 86; de la gasolinera antes de Torre Ori\u00f3n a donde est\u00e1 ubicado Torre Ori\u00f3n; desde 200 metros antes del CEDIS YZA hasta las bodegas de Liverpool; y desde 400 metros despu\u00e9s del Motel Eros hasta 120 metros despu\u00e9s del Motel Moon.<\/p>\n\n\n\n<p>Al exterior de esta v\u00eda, se estar\u00e1n repavimentando las siguientes distancias: desde frente a las oficinas de CEMEX hasta la altura de las oficinas de Ciltra; de Hotel Villas Verde al frente de la tienda de impermeabilizantes Curacreto; de donde se encuentra la empresa Mido hasta 100 metros despu\u00e9s de Cotolengo; desde 600 metros antes del Interceramic hasta la rampa de Paso Superior Vehicular de Sodzil Norte; y, por \u00faltimo, desde 100 metros despu\u00e9s del Se\u00f1orial Moteles Gran Lujo hasta la rampa del Paseo Superior Vehicular de Caucel. Tambi\u00e9n se estar\u00e1n repavimentando la distancia que va desde 100 metros despu\u00e9s de Cotolengo hasta la rampa del Paso Superior Vehicular hacia Motul (Avenida Yucat\u00e1n).<\/p>\n","protected":false},"excerpt":{"rendered":"<p>M\u00e9rida, Yucat\u00e1n, 25 de febrero de 2021.- El gobernador Mauricio Vila Dosal y el alcalde de esta ciudad, Ren\u00e1n Barrera Concha, pusieron en marcha los trabajos de repavimentaci\u00f3n de 10<\/p>\n","protected":false},"author":1,"featured_media":84989,"comment_status":"open","ping_status":"open","sticky":false,"template":"","format":"standard","meta":{"jetpack_post_was_ever_published":false,"_jetpack_newsletter_access":"","_jetpack_dont_email_post_to_subs":false,"_jetpack_newsletter_tier_id":0,"_jetpack_memberships_contains_paywalled_content":false,"_jetpack_memberships_contains_paid_content":false,"footnotes":"","jetpack_publicize_message":"Como parte del Programa Conjunto de Mejora a la Movilidad y la Infraestructura Vial, el Gobierno del Estado y el Ayuntamiento de M\u00e9rida repavimentar\u00e1n 10 kil\u00f3metros cr\u00edticos del Perif\u00e9ricoa, con una inversi\u00f3n de 50 millones de pesos.","jetpack_publicize_feature_enabled":true,"jetpack_social_post_already_shared":true,"jetpack_social_options":{"image_generator_settings":{"template":"highway","default_image_id":0,"font":"","enabled":false},"version":2}},"categories":[17],"tags":[],"class_list":["post-84988","post","type-post","status-publish","format-standard","has-post-thumbnail","hentry","category-politica-y-gobierno"],"jetpack_publicize_connections":[],"jetpack_featured_media_url":"https:\/\/formalprision.com\/wp-content\/uploads\/2021\/02\/image00002-37.jpeg","jetpack_sharing_enabled":true,"jetpack_shortlink":"https:\/\/wp.me\/p6id8p-m6M","_links":{"self":[{"href":"https:\/\/formalprision.com\/index.php?rest_route=\/wp\/v2\/posts\/84988","targetHints":{"allow":["GET"]}}],"collection":[{"href":"https:\/\/formalprision.com\/index.php?rest_route=\/wp\/v2\/posts"}],"about":[{"href":"https:\/\/formalprision.com\/index.php?rest_route=\/wp\/v2\/types\/post"}],"author":[{"embeddable":true,"href":"https:\/\/formalprision.com\/index.php?rest_route=\/wp\/v2\/users\/1"}],"replies":[{"embeddable":true,"href":"https:\/\/formalprision.com\/index.php?rest_route=%2Fwp%2Fv2%2Fcomments&post=84988"}],"version-history":[{"count":0,"href":"https:\/\/formalprision.com\/index.php?rest_route=\/wp\/v2\/posts\/84988\/revisions"}],"wp:featuredmedia":[{"embeddable":true,"href":"https:\/\/formalprision.com\/index.php?rest_route=\/wp\/v2\/media\/84989"}],"wp:attachment":[{"href":"https:\/\/formalprision.com\/index.php?rest_route=%2Fwp%2Fv2%2Fmedia&parent=84988"}],"wp:term":[{"taxonomy":"category","embeddable":true,"href":"https:\/\/formalprision.com\/index.php?rest_route=%2Fwp%2Fv2%2Fcategories&post=84988"},{"taxonomy":"post_tag","embeddable":true,"href":"https:\/\/formalprision.com\/index.php?rest_route=%2Fwp%2Fv2%2Ftags&post=84988"}],"curies":[{"name":"wp","href":"https:\/\/api.w.org\/{rel}","templated":true}]}}