{"id":84997,"date":"2021-02-26T12:44:29","date_gmt":"2021-02-26T17:44:29","guid":{"rendered":"http:\/\/formalprision.com\/?p=84997"},"modified":"2021-02-27T08:02:25","modified_gmt":"2021-02-27T13:02:25","slug":"emiten-alerta-amber-por-adolescente-de-15-anos-desaparecido-en-kanasin","status":"publish","type":"post","link":"https:\/\/formalprision.com\/?p=84997","title":{"rendered":"Emiten Alerta Amber por adolescente de 15 a\u00f1os desaparecido en Kanas\u00edn"},"content":{"rendered":"\n<p>La Fiscal\u00eda General del Estado (FGE) emiti\u00f3 una Alerta Amber por la desaparici\u00f3n del adolescente \u00c1ngel Emanuel Castro Chan, de 15 a\u00f1os y quien desapareci\u00f3 el pasado mi\u00e9rcoles 24 de febrero en la colonia Santa Ana de Kanas\u00edn.<\/p>\n\n\n\n<p>El quincea\u00f1ero mide 1.65 metros, de unos 60 kilos de pesos, tiene pelo negro, lacio y con copete.<\/p>\n\n\n\n<p>Al momento de su desaparici\u00f3n vest\u00eda pantal\u00f3n negro, camisa de botones color azul con playera color beige debajo, mochila color azul rey, gorra negra y botas t\u00e1cticas negras.<\/p>\n\n\n\n<p>Se teme por la integridad del adolescente o que pueda ser v\u00edctima de la comisi\u00f3n de alg\u00fan delito.<\/p>\n\n\n\n<p>El joven sali\u00f3 de su domicilio, en la calle 9 entre 74 y 76 de la colonia Santa Ana de Kanas\u00edn, aproximadamente a las 9:30 de la ma\u00f1ana con una muda de ropa y su tel\u00e9fono celular.<\/p>\n\n\n\n<p>Les dej\u00f3 a sus padres una nota diciendo: \u201cMe llevo los zapatos de mi pap\u00e1\u201d, y que les va pagar todo lo que invirtieron en el refiri\u00e9ndose a su escuela, agradeci\u00f3 el techo y la comida que le dieron, pero que tiene suficiente dinero para sobrevivir un mes, algo raro porque su pap\u00e1 no le da dinero.<\/p>\n\n\n\n<p>Pidi\u00f3 tambi\u00e9n que no lo busquen y que no se preocupen por \u00e9l, y que por favor no se le diga a la familia, refiri\u00e9ndose a sus abuelos, hermanos y t\u00edos.<\/p>\n\n\n\n<p>Sus familiares lo buscan desde ayer en la zona de Kanasin y sus alrededores, sin resultados hasta ahora.<\/p>\n\n\n\n<p>Informes sobre su paradero, favor de reportarlos al 9994 236 773 para cualquier tipo de informaci\u00f3n.<\/p>\n\n\n\n<p>Tambi\u00e9n al tel\u00e9fono de Alerta Amber: 01 800 0026 237. Tambi\u00e9n al 9999 303288 (directo) y al 9999 303250 con extensi\u00f3n 41164.<\/p>\n","protected":false},"excerpt":{"rendered":"<p>La Fiscal\u00eda General del Estado (FGE) emiti\u00f3 una Alerta Amber por la desaparici\u00f3n del adolescente \u00c1ngel Emanuel Castro Chan, de 15 a\u00f1os y quien desapareci\u00f3 el pasado mi\u00e9rcoles 24 de<\/p>\n","protected":false},"author":2,"featured_media":84999,"comment_status":"open","ping_status":"open","sticky":false,"template":"","format":"standard","meta":{"jetpack_post_was_ever_published":false,"_jetpack_newsletter_access":"","_jetpack_dont_email_post_to_subs":false,"_jetpack_newsletter_tier_id":0,"_jetpack_memberships_contains_paywalled_content":false,"_jetpack_memberships_contains_paid_content":false,"footnotes":"","jetpack_publicize_message":"Emiten Alerta Amber por adolescente de 15 a\u00f1os desaparecido el D\u00eda de la Bandera en Kanas\u00edn","jetpack_publicize_feature_enabled":true,"jetpack_social_post_already_shared":true,"jetpack_social_options":{"image_generator_settings":{"template":"highway","default_image_id":0,"font":"","enabled":false},"version":2}},"categories":[14],"tags":[],"class_list":["post-84997","post","type-post","status-publish","format-standard","has-post-thumbnail","hentry","category-merida"],"jetpack_publicize_connections":[],"jetpack_featured_media_url":"https:\/\/formalprision.com\/wp-content\/uploads\/2021\/02\/amber.jpg","jetpack_sharing_enabled":true,"jetpack_shortlink":"https:\/\/wp.me\/p6id8p-m6V","_links":{"self":[{"href":"https:\/\/formalprision.com\/index.php?rest_route=\/wp\/v2\/posts\/84997","targetHints":{"allow":["GET"]}}],"collection":[{"href":"https:\/\/formalprision.com\/index.php?rest_route=\/wp\/v2\/posts"}],"about":[{"href":"https:\/\/formalprision.com\/index.php?rest_route=\/wp\/v2\/types\/post"}],"author":[{"embeddable":true,"href":"https:\/\/formalprision.com\/index.php?rest_route=\/wp\/v2\/users\/2"}],"replies":[{"embeddable":true,"href":"https:\/\/formalprision.com\/index.php?rest_route=%2Fwp%2Fv2%2Fcomments&post=84997"}],"version-history":[{"count":0,"href":"https:\/\/formalprision.com\/index.php?rest_route=\/wp\/v2\/posts\/84997\/revisions"}],"wp:featuredmedia":[{"embeddable":true,"href":"https:\/\/formalprision.com\/index.php?rest_route=\/wp\/v2\/media\/84999"}],"wp:attachment":[{"href":"https:\/\/formalprision.com\/index.php?rest_route=%2Fwp%2Fv2%2Fmedia&parent=84997"}],"wp:term":[{"taxonomy":"category","embeddable":true,"href":"https:\/\/formalprision.com\/index.php?rest_route=%2Fwp%2Fv2%2Fcategories&post=84997"},{"taxonomy":"post_tag","embeddable":true,"href":"https:\/\/formalprision.com\/index.php?rest_route=%2Fwp%2Fv2%2Ftags&post=84997"}],"curies":[{"name":"wp","href":"https:\/\/api.w.org\/{rel}","templated":true}]}}