{"id":8500,"date":"2011-03-30T18:33:00","date_gmt":"2011-03-30T18:33:00","guid":{"rendered":"http:\/\/formalprision.info\/2011\/03\/30\/meridano-dibuja-su-suicidio-en-la\/"},"modified":"2015-06-03T08:57:53","modified_gmt":"2015-06-03T08:57:53","slug":"meridano-dibuja-su-suicidio-en-la","status":"publish","type":"post","link":"https:\/\/formalprision.com\/?p=8500","title":{"rendered":"Meridano dibuja su suicidio en la libreta de su hija y se cuelga con el pa\u00f1al de la ni\u00f1a"},"content":{"rendered":"<p><a href=\"http:\/\/4.bp.blogspot.com\/-Qv_L34jGaSk\/TZNhIzkfjQI\/AAAAAAAAC9w\/HxlOMhJJ5yI\/s1600\/aaaaasuicidio.jpg\"><img decoding=\"async\" id=\"BLOGGER_PHOTO_ID_5589918366407036162\" style=\"FLOAT: left; MARGIN: 0px 10px 10px 0px; WIDTH: 320px; CURSOR: hand; HEIGHT: 210px\" alt=\"\" src=\"http:\/\/formalprision.com\/wp-content\/uploads\/2011\/03\/aaaaasuicidio.jpg\" border=\"0\" \/><\/a> <\/p>\n<div>Despu\u00e9s de dibujar su suicidio en la libreta de su hija, un vecino de la colonia Francisco Villa Oriente se priv\u00f3 de la vida.<\/div>\n<p><\/p>\n<div>El individuo, \u00abJorge\u00bb, de 25 a\u00f1os de edad. se colg\u00f3 con el pa\u00f1al de otra de sus hijas.<\/div>\n<p><\/p>\n<div>Se suicid\u00f3 en un segundo intento, ya que primero se le rompi\u00f3 la estructura en la que se hab\u00eda colgado en el ba\u00f1o y rompi\u00f3 el lavabo.<\/div>\n<p><\/p>\n<div>Se encontraba solo en su casa, a donde lleg\u00f3 en motocicleta luego de dejar a sus hijas en un festival de la iglesia el domingo pasado.<\/div>\n<p><\/p>\n<div>El relato de sus vecinos y de la SSP indica que la hija mayor del individuo, de 8 a\u00f1os de edad, dijo a los uniformaods que hace unos d\u00edas le dibuj\u00f3 en su libreta un \u00e1rbol en el que hab\u00eda una persona colgada y le indic\u00f3 que ese era \u00e9l.<\/div>\n<p><\/p>\n<div>La ni\u00f1a le dijo que no dijera esas cosas y le recrimin\u00f3 que hubiera dibujado esa escena, por lo que \u00abJorge\u00bb, aparentemente arrepentido, arranc\u00f3 la hoja y la arroj\u00f3 a la basura.<\/div>\n<p><\/p>\n<div>Sin embargo, d\u00edas despu\u00e9s cumpli\u00f3 con su amenaza y se colg\u00f3, no en un \u00e1rbol, sino en el perchero del ba\u00f1o,utilizando la tela del pa\u00f1al de su hija m\u00e1s peque\u00f1a para quitarse la vida.<\/div>\n<p><\/p>\n<div>Al llegar su esposa, encontr\u00f3 el televisor encendido con videos musicales en DVD.<\/div>\n<p><\/p>\n<div>Al entrar al ba\u00f1o junto con sus tres hijos (dos mujeres y un varoncit) encontr\u00f3 el cuerpo colgado.<\/div>\n<p><\/p>\n<div>Los ni\u00f1os pidieron ayuda a unas vecinas, quienes entraron y cortaron el pa\u00f1al para descolgar el cuerpo, pero Jorge ya hab\u00eda fallecido.<\/div>\n<p><\/p>\n<div>La familia dijo que durante el d\u00eda tom\u00f3 algunas cervezas con su cu\u00f1ao, pero no estaba tan ebrio.<\/div>\n<p><\/p>\n","protected":false},"excerpt":{"rendered":"<p>Despu\u00e9s de dibujar su suicidio en la libreta de su hija, un vecino de la colonia Francisco Villa Oriente se priv\u00f3 de la vida. El individuo, \u00abJorge\u00bb, de 25 a\u00f1os<\/p>\n","protected":false},"author":1,"featured_media":26959,"comment_status":"open","ping_status":"open","sticky":false,"template":"","format":"standard","meta":{"jetpack_post_was_ever_published":false,"_jetpack_newsletter_access":"","_jetpack_dont_email_post_to_subs":false,"_jetpack_newsletter_tier_id":0,"_jetpack_memberships_contains_paywalled_content":false,"_jetpack_memberships_contains_paid_content":false,"footnotes":"","jetpack_publicize_message":"","jetpack_publicize_feature_enabled":true,"jetpack_social_post_already_shared":false,"jetpack_social_options":{"image_generator_settings":{"template":"highway","default_image_id":0,"font":"","enabled":false},"version":2}},"categories":[44,3,1],"tags":[],"class_list":["post-8500","post","type-post","status-publish","format-standard","has-post-thumbnail","hentry","category-morgue","category-portada","category-sin-categoria"],"jetpack_publicize_connections":[],"jetpack_featured_media_url":"https:\/\/formalprision.com\/wp-content\/uploads\/2011\/03\/aaaaasuicidio.jpg","jetpack_sharing_enabled":true,"jetpack_shortlink":"https:\/\/wp.me\/p6id8p-2d6","_links":{"self":[{"href":"https:\/\/formalprision.com\/index.php?rest_route=\/wp\/v2\/posts\/8500","targetHints":{"allow":["GET"]}}],"collection":[{"href":"https:\/\/formalprision.com\/index.php?rest_route=\/wp\/v2\/posts"}],"about":[{"href":"https:\/\/formalprision.com\/index.php?rest_route=\/wp\/v2\/types\/post"}],"author":[{"embeddable":true,"href":"https:\/\/formalprision.com\/index.php?rest_route=\/wp\/v2\/users\/1"}],"replies":[{"embeddable":true,"href":"https:\/\/formalprision.com\/index.php?rest_route=%2Fwp%2Fv2%2Fcomments&post=8500"}],"version-history":[{"count":0,"href":"https:\/\/formalprision.com\/index.php?rest_route=\/wp\/v2\/posts\/8500\/revisions"}],"wp:featuredmedia":[{"embeddable":true,"href":"https:\/\/formalprision.com\/index.php?rest_route=\/wp\/v2\/media\/26959"}],"wp:attachment":[{"href":"https:\/\/formalprision.com\/index.php?rest_route=%2Fwp%2Fv2%2Fmedia&parent=8500"}],"wp:term":[{"taxonomy":"category","embeddable":true,"href":"https:\/\/formalprision.com\/index.php?rest_route=%2Fwp%2Fv2%2Fcategories&post=8500"},{"taxonomy":"post_tag","embeddable":true,"href":"https:\/\/formalprision.com\/index.php?rest_route=%2Fwp%2Fv2%2Ftags&post=8500"}],"curies":[{"name":"wp","href":"https:\/\/api.w.org\/{rel}","templated":true}]}}