{"id":85003,"date":"2021-02-26T20:55:31","date_gmt":"2021-02-27T01:55:31","guid":{"rendered":"http:\/\/formalprision.com\/?p=85003"},"modified":"2021-02-28T10:28:23","modified_gmt":"2021-02-28T15:28:23","slug":"merida-rebasa-los-20-mil-contagios-de-covid-19","status":"publish","type":"post","link":"https:\/\/formalprision.com\/?p=85003","title":{"rendered":"M\u00e9rida rebasa los 20 mil contagios de Covid-19"},"content":{"rendered":"\n<p>M\u00e9rida super\u00f3 este viernes el rango de los 20 mil contagios de Covid-19 desde que lleg\u00f3 la pandemia, en marzo del a\u00f1o pasado.<\/p>\n\n\n\n<p>Para ser m\u00e1s precisos, la capital yucateco suma ya 20 mil 34 casos de coronavirus. En segundo lugar est\u00e1 Valladolid, con 2,275; luego Tizim\u00edn con 1,066; Ticul con 857 y Kanas\u00edn con 798.<\/p>\n\n\n\n<p>Hoy se reportaron 198 pacientes en hospitales p\u00fablicos, 10 fallecidos y 124 nuevos contagios de Covid-19 en Yucat\u00e1n.<\/p>\n\n\n\n<p>En total ya son 32,430 contagios desde que lleg\u00f3 la pandemia al estado, el 13 de marzo de 2020.<\/p>\n\n\n\n<p>Los pacientes recuperados suman 28,123 y los fallecidos son 3,449.<\/p>\n\n\n\n<p>Este es el parte m\u00e9dico de este viernes 26 de febrero:<\/p>\n\n\n\n<p>En los \u00faltimos d\u00edas se ha registrado un incremento importante en los ingresos hospitalarios, por lo que pedimos a la poblaci\u00f3n no bajar la guardia y continuar actuando con responsabilidad y siguiendo las medidas sanitarias, para evitar comprometer nuestra capacidad hospitalaria e interrumpir el proceso de reactivaci\u00f3n econ\u00f3mica.<\/p>\n\n\n\n<p>El pasado mi\u00e9rcoles 24 de febrero se recibieron 10,725 dosis de vacunas Pfizer contra el Coronavirus. Estas dosis se est\u00e1n aplicado de la siguiente manera:<\/p>\n\n\n\n<p>* 2,925 son para la primera aplicaci\u00f3n al personal de salud de primer nivel de atenci\u00f3n en los Centros de Salud de la SSY y unidades m\u00e9dicas familiares del IMSS y el ISSSTE en el interior del estado. Ya se aplic\u00f3 el 70%.<\/p>\n\n\n\n<p>* 2,925 para personal m\u00e9dico de \u00e1reas Covid que ya recibieron la primera aplicaci\u00f3n. Ya se aplic\u00f3 el 91%.<\/p>\n\n\n\n<p>* 4,875 para adultos mayores de Um\u00e1n. En este municipio, el avance de vacunaci\u00f3n es de 31%.<\/p>\n\n\n\n<p>El domingo 14 de febrero llegaron a Yucat\u00e1n 15,630 dosis de la vacuna contra el Coronavirus. Seg\u00fan consta en el \u00faltimo corte realizado hoy, el avance es del 98%. Se est\u00e1 vacunando a adultos mayores en los municipios de Valladolid, Motul y Conkal.&nbsp;<\/p>\n\n\n\n<p>Como hemos se\u00f1alado, en la reapertura econ\u00f3mica los datos m\u00e1s importantes son la ocupaci\u00f3n hospitalaria y los ingresos diarios. El d\u00eda de hoy tenemos 198 pacientes en hospitales p\u00fablicos.&nbsp;<\/p>\n\n\n\n<p>28,123 pacientes ya se recuperaron: no presentan s\u00edntomas ni pueden contagiar. Esta cifra representa el 87% del total de contagios registrados, que es 32,430.<\/p>\n\n\n\n<figure class=\"wp-block-image size-large\"><a href=\"http:\/\/formalprision.com\/wp-content\/uploads\/2021\/02\/58af3c74-31ec-4bd3-9819-198fb9692376.jpg\"><img loading=\"lazy\" decoding=\"async\" width=\"800\" height=\"569\" src=\"http:\/\/formalprision.com\/wp-content\/uploads\/2021\/02\/58af3c74-31ec-4bd3-9819-198fb9692376.jpg\" alt=\"\" class=\"wp-image-85007\" srcset=\"https:\/\/formalprision.com\/wp-content\/uploads\/2021\/02\/58af3c74-31ec-4bd3-9819-198fb9692376.jpg 800w, https:\/\/formalprision.com\/wp-content\/uploads\/2021\/02\/58af3c74-31ec-4bd3-9819-198fb9692376-300x213.jpg 300w, https:\/\/formalprision.com\/wp-content\/uploads\/2021\/02\/58af3c74-31ec-4bd3-9819-198fb9692376-768x546.jpg 768w\" sizes=\"auto, (max-width: 800px) 100vw, 800px\" \/><\/a><\/figure>\n\n\n\n<p>Hoy se detectaron 124 nuevos contagios de Coronavirus.&nbsp;<\/p>\n\n\n\n<p>69 en M\u00e9rida,<\/p>\n\n\n\n<p>14 en Progreso,<\/p>\n\n\n\n<p>9 en Valladolid,<\/p>\n\n\n\n<p>7 en Tekax, Ticul y Um\u00e1n,<\/p>\n\n\n\n<p>2 en Hom\u00fan, y<\/p>\n\n\n\n<p>1 en Acanceh, Cansahcab, Chicxulub Pueblo, Dzidzant\u00fan, Halach\u00f3, Kanas\u00edn, Maxcan\u00fa, Motul y Panab\u00e1.<\/p>\n\n\n\n<p>De los 32,430 casos positivos, 274 son de otro pa\u00eds u otro estado.<\/p>\n\n\n\n<p>LOS MUNICIPIOS DE YUCAT\u00c1N CON MAYOR N\u00daMERO DE PERSONAS CONTAGIADAS SON (casos acumulados al 25 de febrero):<\/p>\n\n\n\n<p>M\u00e9rida, con 20,034 contagios;<\/p>\n\n\n\n<p>Valladolid, con 2,275;<\/p>\n\n\n\n<p>Tizim\u00edn, 1,066;<\/p>\n\n\n\n<p>Ticul, 857;<\/p>\n\n\n\n<p>Kanas\u00edn, 798;<\/p>\n\n\n\n<p>Progreso, 787;<\/p>\n\n\n\n<p>Um\u00e1n, 774;<\/p>\n\n\n\n<p>Tekax, 502;<\/p>\n\n\n\n<p>Motul, 293;<\/p>\n\n\n\n<p>Peto, 282;<\/p>\n\n\n\n<p>Temoz\u00f3n, 247;<\/p>\n\n\n\n<p>Tinum, 218;<\/p>\n\n\n\n<p>Hunucm\u00e1, 194;<\/p>\n\n\n\n<p>Chemax, 190;<\/p>\n\n\n\n<p>Izamal, 174;<\/p>\n\n\n\n<p>Buctzotz, 148;<\/p>\n\n\n\n<p>Maxcan\u00fa, 128;<\/p>\n\n\n\n<p>Espita, 115;<\/p>\n\n\n\n<p>San Felipe, 113, y<\/p>\n\n\n\n<p>Acanceh, 109.<\/p>\n\n\n\n<p>LAS COLONIAS DE M\u00c9RIDA CON MAYOR N\u00daMERO DE PERSONAS CONTAGIADAS SON (casos diagnosticados en los \u00faltimos 14 d\u00edas):<\/p>\n\n\n\n<p>Centro, con 64 contagios;<\/p>\n\n\n\n<p>Juan Pablo II, con 52;<\/p>\n\n\n\n<p>Ciudad Caucel, 42;<\/p>\n\n\n\n<p>Pacabt\u00fan, 18;<\/p>\n\n\n\n<p>Yucalpet\u00e9n, 16;<\/p>\n\n\n\n<p>Fidel Vel\u00e1zquez y Las Am\u00e9ricas, con 12 en cada colonia;<\/p>\n\n\n\n<p>Felipe Carrillo Puerto Norte y Francisco de Montejo, con 11 cada una;<\/p>\n\n\n\n<p>Jardines de Vista Alegre y Roble Agr\u00edcola, con 9;<\/p>\n\n\n\n<p>Vergel, 8;<\/p>\n\n\n\n<p>Boj\u00f3rquez, Los H\u00e9roes y Mulsay, con 7, y<\/p>\n\n\n\n<p>Cinco Colonias, Ciudad Industrial, Francisco I. Madero, Pensiones y San Vicente Oriente, 6.<\/p>\n\n\n\n<p>LOS MUNICIPIOS DE YUCAT\u00c1N CON MAYOR N\u00daMERO DE CASOS DIAGNOSTICADOS EN LOS \u00daLTIMOS 14 D\u00cdAS SON:<\/p>\n\n\n\n<p>M\u00e9rida, con 562<\/p>\n\n\n\n<p>Valladolid, 37<\/p>\n\n\n\n<p>Progreso, 22<\/p>\n\n\n\n<p>Tizim\u00edn, 19<\/p>\n\n\n\n<p>Tekax,17<\/p>\n\n\n\n<p>Um\u00e1n, 16<\/p>\n\n\n\n<p>Kanas\u00edn, 14<\/p>\n\n\n\n<p>Ticul, 13<\/p>\n\n\n\n<p>Motul, 8<\/p>\n\n\n\n<p>Tinum, 5<\/p>\n\n\n\n<p>Chichimil\u00e1, Halach\u00f3, Hom\u00fan y Maxcan\u00fa, 4<\/p>\n\n\n\n<p>Acanceh, Dzit\u00e1s, Izamal y Sucil\u00e1, 3<\/p>\n\n\n\n<p>Akil y Baca, 2.<\/p>\n\n\n\n<p>LOS MUNICIPIOS DE YUCAT\u00c1N CON MAYOR N\u00daMERO DE DEFUNCIONES AL D\u00cdA 25 DE FEBRERO DE 2021 SON:<\/p>\n\n\n\n<p>M\u00e9rida, con 1,683<\/p>\n\n\n\n<p>Valladolid, 118<\/p>\n\n\n\n<p>Um\u00e1n, 103<\/p>\n\n\n\n<p>Kanas\u00edn, 88<\/p>\n\n\n\n<p>Progreso, 72<\/p>\n\n\n\n<p>Motul, 71<\/p>\n\n\n\n<p>Tizim\u00edn, 58<\/p>\n\n\n\n<p>Ticul, 55<\/p>\n\n\n\n<p>Izamal, 54<\/p>\n\n\n\n<p>Acanceh, 40<\/p>\n\n\n\n<p>Hunucm\u00e1, 37<\/p>\n\n\n\n<p>Maxcan\u00fa, 31<\/p>\n\n\n\n<p>Muna, 26<\/p>\n\n\n\n<p>Tecoh, 24<\/p>\n\n\n\n<p>Halach\u00f3 y Tixkokob, 23<\/p>\n\n\n\n<p>Tekax, 22<\/p>\n\n\n\n<p>Oxkutzcab, 19<\/p>\n\n\n\n<p>Chemax y Conkal, 18.<\/p>\n\n\n\n<p>Espec\u00edficamente, en M\u00e9rida se han diagnosticado 20,034 personas contagiadas de Coronavirus (casos acumulados al 25 de febrero), que viven en:&nbsp;<\/p>\n\n\n\n<p>5,744 en la zona Norte&nbsp;<\/p>\n\n\n\n<p>5,400 en la zona Oriente<\/p>\n\n\n\n<p>1,891 en la zona Centro<\/p>\n\n\n\n<p>2,729 en la zona Sur<\/p>\n\n\n\n<p>4,270 en la zona Poniente<\/p>\n\n\n\n<figure class=\"wp-block-image size-large\"><a href=\"http:\/\/formalprision.com\/wp-content\/uploads\/2021\/02\/bb11ffe4-c3b6-413f-bce4-350f6dbcde8e.jpg\"><img loading=\"lazy\" decoding=\"async\" width=\"800\" height=\"539\" src=\"http:\/\/formalprision.com\/wp-content\/uploads\/2021\/02\/bb11ffe4-c3b6-413f-bce4-350f6dbcde8e.jpg\" alt=\"\" class=\"wp-image-85006\" srcset=\"https:\/\/formalprision.com\/wp-content\/uploads\/2021\/02\/bb11ffe4-c3b6-413f-bce4-350f6dbcde8e.jpg 800w, https:\/\/formalprision.com\/wp-content\/uploads\/2021\/02\/bb11ffe4-c3b6-413f-bce4-350f6dbcde8e-300x202.jpg 300w, https:\/\/formalprision.com\/wp-content\/uploads\/2021\/02\/bb11ffe4-c3b6-413f-bce4-350f6dbcde8e-768x517.jpg 768w\" sizes=\"auto, (max-width: 800px) 100vw, 800px\" \/><\/a><\/figure>\n\n\n\n<p>Lamentablemente, en este parte m\u00e9dico informamos de 10 fallecimientos:<\/p>\n\n\n\n<p>1.- Masculino 48 a\u00f1os de M\u00e9rida&nbsp;&nbsp; DM\/IRC<\/p>\n\n\n\n<p>2. &#8211; Femenino 43 a\u00f1os de Kanas\u00edn&nbsp;&nbsp;&nbsp; DM\/HAS<\/p>\n\n\n\n<p>3.- Masculino 74 a\u00f1os de M\u00e9rida&nbsp;&nbsp; HAS<\/p>\n\n\n\n<p>4.- Femenino 64 a\u00f1os de Baca&nbsp;&nbsp; DM\/Asma\/HAS\/Obesidad<\/p>\n\n\n\n<p>5.- Masculino 73 a\u00f1os de M\u00e9rida&nbsp;&nbsp;&nbsp;&nbsp;&nbsp; IRC\/HAS<\/p>\n\n\n\n<p>6.- Masculino 72 a\u00f1os de M\u00e9rida&nbsp;&nbsp;&nbsp;&nbsp; DM\/IRC\/HAS<\/p>\n\n\n\n<p>7.- Masculino 52 a\u00f1os de Kanas\u00edn&nbsp;&nbsp;&nbsp; Sin comorbilidades<\/p>\n\n\n\n<p>8.- Masculino 76 a\u00f1os de Kinchil&nbsp;&nbsp;&nbsp;&nbsp; Sin comorbilidades<\/p>\n\n\n\n<p>9.- Masculino 88 a\u00f1os de M\u00e9rida&nbsp;&nbsp;&nbsp;&nbsp; Obesidad\/Tabaquismo<\/p>\n\n\n\n<p>10.- Femenino 71 a\u00f1os de M\u00e9rida&nbsp;&nbsp;&nbsp; Sin comorbilidades<\/p>\n\n\n\n<p>Siglas: HIPERTENSI\u00d3N ARTERIAL SIST\u00c9MICA (HAS), DIABETES MELLITUS (DM) e INSUFICIENCIA RENAL CR\u00d3NICA (IRC).<\/p>\n\n\n\n<p>En total, son 3,449 las personas fallecidas a causa del Coronavirus.<\/p>\n\n\n\n<p>De los casos activos, 660 est\u00e1n estables, aislados, monitoreados constantemente por personal m\u00e9dico de la SSY; presentan s\u00edntomas leves.<\/p>\n\n\n\n<p>Como ya mencionamos, 198 de los casos positivos est\u00e1n en hospitales p\u00fablicos y en aislamiento total. Hay otros pacientes a la espera de diagn\u00f3stico.<\/p>\n\n\n\n<p>El rango de edad de los casos es de 1 mes a 99 a\u00f1os.<\/p>\n\n\n\n<p>LOS INDICADORES SEMANALES DE NUESTRO SEM\u00c1FORO ESTATAL DE SALUD MARCAN COLOR NARANJA. COMO HEMOS INFORMADO, EL SEM\u00c1FORO ESTATAL DE SALUD SE VA A DA A CONOCER CADA 15 D\u00cdAS CON LA FINALIDAD DE HOMOLOGAR FECHAS DE PRESENTACI\u00d3N CON EL SEM\u00c1FORO QUINCENAL DEL GOBIERNO FEDERAL.<\/p>\n","protected":false},"excerpt":{"rendered":"<p>M\u00e9rida super\u00f3 este viernes el rango de los 20 mil contagios de Covid-19 desde que lleg\u00f3 la pandemia, en marzo del a\u00f1o pasado. Para ser m\u00e1s precisos, la capital yucateco<\/p>\n","protected":false},"author":2,"featured_media":85008,"comment_status":"open","ping_status":"open","sticky":false,"template":"","format":"standard","meta":{"jetpack_post_was_ever_published":false,"_jetpack_newsletter_access":"","_jetpack_dont_email_post_to_subs":false,"_jetpack_newsletter_tier_id":0,"_jetpack_memberships_contains_paywalled_content":false,"_jetpack_memberships_contains_paid_content":false,"footnotes":"","jetpack_publicize_message":"Hoy se reportaron 198 pacientes en hospitales p\u00fablicos, 10 fallecidos y 124 nuevos contagios de Covid-19 en Yucat\u00e1n.","jetpack_publicize_feature_enabled":true,"jetpack_social_post_already_shared":true,"jetpack_social_options":{"image_generator_settings":{"template":"highway","default_image_id":0,"font":"","enabled":false},"version":2}},"categories":[14],"tags":[],"class_list":["post-85003","post","type-post","status-publish","format-standard","has-post-thumbnail","hentry","category-merida"],"jetpack_publicize_connections":[],"jetpack_featured_media_url":"https:\/\/formalprision.com\/wp-content\/uploads\/2021\/02\/WhatsApp-Image-2021-02-26-at-3.39.10-PM.jpeg","jetpack_sharing_enabled":true,"jetpack_shortlink":"https:\/\/wp.me\/p6id8p-m71","_links":{"self":[{"href":"https:\/\/formalprision.com\/index.php?rest_route=\/wp\/v2\/posts\/85003","targetHints":{"allow":["GET"]}}],"collection":[{"href":"https:\/\/formalprision.com\/index.php?rest_route=\/wp\/v2\/posts"}],"about":[{"href":"https:\/\/formalprision.com\/index.php?rest_route=\/wp\/v2\/types\/post"}],"author":[{"embeddable":true,"href":"https:\/\/formalprision.com\/index.php?rest_route=\/wp\/v2\/users\/2"}],"replies":[{"embeddable":true,"href":"https:\/\/formalprision.com\/index.php?rest_route=%2Fwp%2Fv2%2Fcomments&post=85003"}],"version-history":[{"count":0,"href":"https:\/\/formalprision.com\/index.php?rest_route=\/wp\/v2\/posts\/85003\/revisions"}],"wp:featuredmedia":[{"embeddable":true,"href":"https:\/\/formalprision.com\/index.php?rest_route=\/wp\/v2\/media\/85008"}],"wp:attachment":[{"href":"https:\/\/formalprision.com\/index.php?rest_route=%2Fwp%2Fv2%2Fmedia&parent=85003"}],"wp:term":[{"taxonomy":"category","embeddable":true,"href":"https:\/\/formalprision.com\/index.php?rest_route=%2Fwp%2Fv2%2Fcategories&post=85003"},{"taxonomy":"post_tag","embeddable":true,"href":"https:\/\/formalprision.com\/index.php?rest_route=%2Fwp%2Fv2%2Ftags&post=85003"}],"curies":[{"name":"wp","href":"https:\/\/api.w.org\/{rel}","templated":true}]}}