{"id":85016,"date":"2021-02-27T08:00:16","date_gmt":"2021-02-27T13:00:16","guid":{"rendered":"http:\/\/formalprision.com\/?p=85016"},"modified":"2021-02-27T08:00:16","modified_gmt":"2021-02-27T13:00:16","slug":"el-cabildo-rinde-homenaje-a-armando-manzanero-dando-su-nombre-a-una-calle","status":"publish","type":"post","link":"https:\/\/formalprision.com\/?p=85016","title":{"rendered":"El Cabildo rinde homenaje a Armando Manzanero dando su nombre a una calle"},"content":{"rendered":"\n<p>M\u00e9rida, 26 de febrero de 2021. Como homenaje a la trayectoria art\u00edstica y cultural del recientemente fallecido compositor yucateco, el Cabildo de M\u00e9rida aprob\u00f3 por unanimidad la propuesta del alcalde Ren\u00e1n Barrera Concha para nombrar \u201cArmando Manzanero\u201d a la calle 60, en el tramo comprendido de la 121 de la colonia Mercedes Barrera a la 95 del centro.<\/p>\n\n\n\n<p>En dicha vialidad se encuentra la esquina conocida como \u00abLa Flor del Bosque\u00bb, la cual fue elegida por el propio Manzanero durante su \u00faltima pl\u00e1tica con el Alcalde, al estar ligada a las ra\u00edces del cantautor fallecido. Al poner el nombre a dicha arteria, el Ayuntamiento deja un testimonio de la invaluable labor del fallecido compositor en pro de la cultura y hace honor a su trayectoria art\u00edstica a nivel nacional e internacional.<\/p>\n\n\n\n<p>En ese sentido, durante la sesi\u00f3n ordinaria virtual, el Concejal se\u00f1al\u00f3 que entre los artistas meridanos y meridanas que han dado fama y renombre a la capital yucateca, destaca especialmente Armando Manzanero, que con sus canciones regal\u00f3 a varias generaciones un sinf\u00edn de emociones y sentimientos.<\/p>\n\n\n\n<p>\u2014Armando era un amante de su ciudad, estaba enamorado de M\u00e9rida. Sus letras estaban inspiradas en gran medida en los espacios, rincones, avenidas, olores y sabores de nuestra capital yucateca\u2014expres\u00f3.<\/p>\n\n\n\n<p>De esta manera, continu\u00f3, el Ayuntamiento de M\u00e9rida quiere recordarle y darle un merecido reconocimiento a la gran trayectoria de este compositor que puso en alto siempre sus ra\u00edces mayas y llev\u00f3 nuestra cultura a todos los rincones del mundo.<\/p>\n\n\n\n<p>Manzanero Canch\u00e9 naci\u00f3 en M\u00e9rida, Yucat\u00e1n el 7 de diciembre de 1934, aunque fue registrado el 7 de diciembre de 1935. Escribi\u00f3 m\u00e1s de 600 canciones, de las cuales, 50 en promedio, han alcanzado fama internacional, tales como \u201cSomos novios\u201d, \u201cEsta tarde vi llover\u201d y \u201cContigo aprend\u00ed\u201d. Particip\u00f3 en numerosos programas de radio y televisi\u00f3n. Grab\u00f3 m\u00e1s de 30 discos y musicaliz\u00f3 numerosas pel\u00edculas.<\/p>\n\n\n\n<p>En el 2015 recibi\u00f3 la Medalla \u201cSilvio Zavala Vallado, a la Cultura y las Artes 2021\u201d de manos del alcalde Ren\u00e1n Barrera.<\/p>\n\n\n\n<p>De igual manera, en la sesi\u00f3n se aprobaron las respectivas licencias por tiempo indefinido que solicitaron para ausentarse de sus cargos los regidores Karem Achach Ram\u00edrez, Jes\u00fas P\u00e9rez Ballote Karla Salazar Gonz\u00e1lez, Brenda Ruz Dur\u00e1n,&nbsp; Alejandrina Le\u00f3n Torres, Gamaliel Guti\u00e9rrez Beltr\u00e1n y Mariana Jim\u00e9nez Gudi\u00f1o.<\/p>\n\n\n\n<p>Su solicitud de licencia al cargo es con el fin de poder competir en los procesos internos de sus partidos. Sus respectivos suplentes ser\u00e1n llamados a ocupar su lugar en el Cabildo.<\/p>\n\n\n\n<p>Otros puntos aprobados fueron el contrato de arrendamiento con la empresa \u201cMEDAM\u201d, revocaci\u00f3n, otorgamiento y ratificaci\u00f3n de apoderados de la Direcci\u00f3n de Gobernaci\u00f3n para Asuntos Judiciales y Administrativos; convocatoria y bases de la licitaci\u00f3n p\u00fablica para la adquisici\u00f3n de tierra y polvo arenoso, adjudicaci\u00f3n directa para la construcci\u00f3n de fosas en el cementerio de Xocl\u00e1n y 17 licitaciones p\u00fablicas para realizar rehabilitaci\u00f3n de calles, construcci\u00f3n de pozos y de sistemas de drenaje pluvial; construcci\u00f3n de cuartos para ba\u00f1os, cocinas, dormitorios, techos, pisos firmes y tanque s\u00e9ptico para sanitario, as\u00ed como la ampliaci\u00f3n de red de agua potable, en diversas colonias, fraccionamientos y comisar\u00edas.<\/p>\n\n\n\n<p>De igual manera un convenio de Colaboraci\u00f3n Cultural con la \u201cFundaci\u00f3n Cultural MACAY\u201d y otorgar a favor de \u201cClub de Leones Itzimn\u00e1\u201d, \u201cAsociaci\u00f3n Cedidown\u201d y \u201cArquidi\u00f3cesis de Yucat\u00e1n\u201d las pr\u00f3rrogas para las acciones que cada una solicita.<\/p>\n\n\n\n<p>En la sesi\u00f3n los regidores entregaron sus informes respecto de las actividades realizadas en las comisiones edilicias a las que pertenecen y se recibieron los informes de los Organismos Paramunicipales, correspondientes al mes de enero.&#8211;\u00a0 (Comunicado de Prensa) <\/p>\n","protected":false},"excerpt":{"rendered":"<p>M\u00e9rida, 26 de febrero de 2021. Como homenaje a la trayectoria art\u00edstica y cultural del recientemente fallecido compositor yucateco, el Cabildo de M\u00e9rida aprob\u00f3 por unanimidad la propuesta del alcalde<\/p>\n","protected":false},"author":1,"featured_media":83017,"comment_status":"open","ping_status":"open","sticky":false,"template":"","format":"standard","meta":{"jetpack_post_was_ever_published":false,"_jetpack_newsletter_access":"","_jetpack_dont_email_post_to_subs":false,"_jetpack_newsletter_tier_id":0,"_jetpack_memberships_contains_paywalled_content":false,"_jetpack_memberships_contains_paid_content":false,"footnotes":"","jetpack_publicize_message":"A petici\u00f3n del propio compositor se eligi\u00f3 un tramo de la calle 60","jetpack_publicize_feature_enabled":true,"jetpack_social_post_already_shared":true,"jetpack_social_options":{"image_generator_settings":{"template":"highway","default_image_id":0,"font":"","enabled":false},"version":2}},"categories":[14],"tags":[],"class_list":["post-85016","post","type-post","status-publish","format-standard","has-post-thumbnail","hentry","category-merida"],"jetpack_publicize_connections":[],"jetpack_featured_media_url":"https:\/\/formalprision.com\/wp-content\/uploads\/2020\/12\/Armando-Manzanero-y-OTY.jpg","jetpack_sharing_enabled":true,"jetpack_shortlink":"https:\/\/wp.me\/p6id8p-m7e","_links":{"self":[{"href":"https:\/\/formalprision.com\/index.php?rest_route=\/wp\/v2\/posts\/85016","targetHints":{"allow":["GET"]}}],"collection":[{"href":"https:\/\/formalprision.com\/index.php?rest_route=\/wp\/v2\/posts"}],"about":[{"href":"https:\/\/formalprision.com\/index.php?rest_route=\/wp\/v2\/types\/post"}],"author":[{"embeddable":true,"href":"https:\/\/formalprision.com\/index.php?rest_route=\/wp\/v2\/users\/1"}],"replies":[{"embeddable":true,"href":"https:\/\/formalprision.com\/index.php?rest_route=%2Fwp%2Fv2%2Fcomments&post=85016"}],"version-history":[{"count":0,"href":"https:\/\/formalprision.com\/index.php?rest_route=\/wp\/v2\/posts\/85016\/revisions"}],"wp:featuredmedia":[{"embeddable":true,"href":"https:\/\/formalprision.com\/index.php?rest_route=\/wp\/v2\/media\/83017"}],"wp:attachment":[{"href":"https:\/\/formalprision.com\/index.php?rest_route=%2Fwp%2Fv2%2Fmedia&parent=85016"}],"wp:term":[{"taxonomy":"category","embeddable":true,"href":"https:\/\/formalprision.com\/index.php?rest_route=%2Fwp%2Fv2%2Fcategories&post=85016"},{"taxonomy":"post_tag","embeddable":true,"href":"https:\/\/formalprision.com\/index.php?rest_route=%2Fwp%2Fv2%2Ftags&post=85016"}],"curies":[{"name":"wp","href":"https:\/\/api.w.org\/{rel}","templated":true}]}}