{"id":85024,"date":"2021-02-27T13:59:47","date_gmt":"2021-02-27T18:59:47","guid":{"rendered":"http:\/\/formalprision.com\/?p=85024"},"modified":"2021-02-27T21:01:37","modified_gmt":"2021-02-28T02:01:37","slug":"concluye-el-pan-yucatan-sus-procesos-internos","status":"publish","type":"post","link":"https:\/\/formalprision.com\/?p=85024","title":{"rendered":"Concluye el PAN Yucat\u00e1n sus procesos internos"},"content":{"rendered":"\n<p>El presidente del Comit\u00e9 Directivo Estatal del PAN, As\u00eds Cano Cetina, se\u00f1al\u00f3 que \u201cel partido concluy\u00f3 sus procesos internos en completa calma, sin contratiempos, privilegiando los consensos, observando las reglas y protocolos sanitarios, as\u00ed como tambi\u00e9n en un ambiente de acuerdo y unidad\u201d.<\/p>\n\n\n\n<p>En tal sentido, \u201cnos declaramos totalmente listos y preparados para seguir impulsando el cambio en Yucat\u00e1n y retomar la ruta de la recuperaci\u00f3n y el desarrollo econ\u00f3mico y social. Ese ha sido el sello de nuestros gobiernos locales, quienes, ante la adversidad de las circunstancias por el COVID, han impulsado junto con la sociedad la ruta de la atenci\u00f3n a la salud y la recuperaci\u00f3n econ\u00f3mica de las y los yucatecos\u201d.<\/p>\n\n\n\n<p>\u201cHoy el ciudadano demanda de los partidos pol\u00edticos y de sus representantes procesos y acciones que dignifiquen a la persona, que atiendan sus problemas y que \u00e9stos se resuelvan privilegiando el di\u00e1logo y la cordura\u201d, apunt\u00f3. \u201cHoy m\u00e1s que nunca, los partidos pol\u00edticos tenemos que estar a la altura de las dif\u00edciles circunstancias que nos toca atravesar como sociedad por la pandemia\u201d.<\/p>\n\n\n\n<p>\u201cEn nada le abona a los ciudadanos las disputas y los pleitos de grupo. En Acci\u00f3n Nacional lo entendemos y, cuando la ley electoral lo permita, impulsaremos propuestas y soluciones que contribuyan a privilegiar la salud y recuperar el ingreso de las familias\u201d.<\/p>\n\n\n\n<p>Se\u00f1al\u00f3, en tal sentido, que Acci\u00f3n Nacional ha transitado por su proceso interno de registro de una manera unida durante las \u00faltimas semanas, en la que se ha privilegiado a las y los mejores cuadros partidistas y ciudadanos, mismos que fueron propuestos a los \u00f3rganos partidistas nacionales.<\/p>\n\n\n\n<p>\u201cHemos estado trabajando de manera interna desarrollando una planeaci\u00f3n electoral con nuestros liderazgos en cada uno de los municipios, tendiendo puentes para que todas y todos se sientan incluidos en este gran proyecto que es Acci\u00f3n Nacional\u201d, apunt\u00f3.<\/p>\n","protected":false},"excerpt":{"rendered":"<p>El presidente del Comit\u00e9 Directivo Estatal del PAN, As\u00eds Cano Cetina, se\u00f1al\u00f3 que \u201cel partido concluy\u00f3 sus procesos internos en completa calma, sin contratiempos, privilegiando los consensos, observando las reglas<\/p>\n","protected":false},"author":2,"featured_media":85026,"comment_status":"open","ping_status":"open","sticky":false,"template":"","format":"standard","meta":{"jetpack_post_was_ever_published":false,"_jetpack_newsletter_access":"","_jetpack_dont_email_post_to_subs":false,"_jetpack_newsletter_tier_id":0,"_jetpack_memberships_contains_paywalled_content":false,"_jetpack_memberships_contains_paid_content":false,"footnotes":"","jetpack_publicize_message":"El PAN Yucat\u00e1n inform\u00f3 que concluy\u00f3 sus procesos internos sin impugnaciones.","jetpack_publicize_feature_enabled":true,"jetpack_social_post_already_shared":true,"jetpack_social_options":{"image_generator_settings":{"template":"highway","default_image_id":0,"font":"","enabled":false},"version":2}},"categories":[54],"tags":[],"class_list":["post-85024","post","type-post","status-publish","format-standard","has-post-thumbnail","hentry","category-yucatan"],"jetpack_publicize_connections":[],"jetpack_featured_media_url":"https:\/\/formalprision.com\/wp-content\/uploads\/2021\/02\/WhatsApp-Image-2021-02-27-at-12.52.00-PM.jpeg","jetpack_sharing_enabled":true,"jetpack_shortlink":"https:\/\/wp.me\/p6id8p-m7m","_links":{"self":[{"href":"https:\/\/formalprision.com\/index.php?rest_route=\/wp\/v2\/posts\/85024","targetHints":{"allow":["GET"]}}],"collection":[{"href":"https:\/\/formalprision.com\/index.php?rest_route=\/wp\/v2\/posts"}],"about":[{"href":"https:\/\/formalprision.com\/index.php?rest_route=\/wp\/v2\/types\/post"}],"author":[{"embeddable":true,"href":"https:\/\/formalprision.com\/index.php?rest_route=\/wp\/v2\/users\/2"}],"replies":[{"embeddable":true,"href":"https:\/\/formalprision.com\/index.php?rest_route=%2Fwp%2Fv2%2Fcomments&post=85024"}],"version-history":[{"count":0,"href":"https:\/\/formalprision.com\/index.php?rest_route=\/wp\/v2\/posts\/85024\/revisions"}],"wp:featuredmedia":[{"embeddable":true,"href":"https:\/\/formalprision.com\/index.php?rest_route=\/wp\/v2\/media\/85026"}],"wp:attachment":[{"href":"https:\/\/formalprision.com\/index.php?rest_route=%2Fwp%2Fv2%2Fmedia&parent=85024"}],"wp:term":[{"taxonomy":"category","embeddable":true,"href":"https:\/\/formalprision.com\/index.php?rest_route=%2Fwp%2Fv2%2Fcategories&post=85024"},{"taxonomy":"post_tag","embeddable":true,"href":"https:\/\/formalprision.com\/index.php?rest_route=%2Fwp%2Fv2%2Ftags&post=85024"}],"curies":[{"name":"wp","href":"https:\/\/api.w.org\/{rel}","templated":true}]}}