{"id":85030,"date":"2021-02-27T19:28:16","date_gmt":"2021-02-28T00:28:16","guid":{"rendered":"http:\/\/formalprision.com\/?p=85030"},"modified":"2021-02-27T21:01:10","modified_gmt":"2021-02-28T02:01:10","slug":"en-marcha-el-programa-pintando-tu-fachada-para-apoyar-a-las-familias-afectadas-por-ciclones","status":"publish","type":"post","link":"https:\/\/formalprision.com\/?p=85030","title":{"rendered":"En marcha el programa &#8216;Pintando tu fachada&#8217; para apoyar a las familias afectadas por ciclones"},"content":{"rendered":"\n<p>Familias de 29 comisar\u00edas y 2 fraccionamientos de las zonas de M\u00e9rida que resultaron m\u00e1s afectadas por las inundaciones que ocasionaron las tormentas y huracanes del a\u00f1o pasado, podr\u00e1n acceder a un apoyo para pintar el frente de su vivienda, a trav\u00e9s del programa \u201cPintando tu fachada\u201d, que pusieron en marcha este d\u00eda el Gobernador Mauricio Vila Dosal y el alcalde esta ciudad, Ren\u00e1n Barrera Concha.<\/p>\n\n\n\n<p>En la comisar\u00eda meridana de Noc Ac, Vila Dosal y Barrera Concha dieron inicio a este esquema que estar\u00e1 beneficiando a la poblaci\u00f3n de ese n\u00famero de comisar\u00edas de este municipio, as\u00ed como los fraccionamientos Ciudad Caucel y Las Am\u00e9ricas, puntos que presentaron importantes inundaciones a causa de las 3 tormentas tropicales y 2 huracanes que pasaron por el estado en 2020, lo que ocasion\u00f3 da\u00f1os en muchas casas.<\/p>\n\n\n\n<p>El programa \u00abPintando tu Fachada\u00bb tiene como objetivo que las personas que sufrieron afectaci\u00f3n en su entorno social, econ\u00f3mico y natural a ra\u00edz de los fen\u00f3menos meteorol\u00f3gicos presentados en el estado reduzcan su vulnerabilidad, a trav\u00e9s del suministro o aplicaci\u00f3n de pintura para el mejoramiento de la imagen del entorno urbano, espec\u00edficamente en la integridad de las fachadas de sus viviendas.<\/p>\n\n\n\n<p>Las comisar\u00edas consideradas en este programa son Caucel, Chablekal, Cheum\u00e1n, Chich\u00ed Su\u00e1rez, Cholul, Cosgaya, Dzidzilch\u00e9, Dzibilchalt\u00fan, Dzity\u00e1, Kikteil, Komch\u00e9n, Noc Ac, Sac Nict\u00e9, San Antonio Hool, Santa Gertrudis Cop\u00f3, Santa Mar\u00eda Chi, Santa Mar\u00eda Yaxch\u00e9, Sierra Papacal, Sitpach, Sodzil Norte, Suytunch\u00e9n, Tamanch\u00e9, Temoz\u00f3n Norte, Tixcuyt\u00fan, Xcanat\u00fan, Xcumpich, Xcuny\u00e1, Yaxch\u00e9 Casares y Onc\u00e1n. De igual manera, los Fraccionamientos Ciudad Caucel y Las Am\u00e9ricas de esta ciudad.<\/p>\n\n\n\n<p>A trav\u00e9s de este esquema de apoyo a la poblaci\u00f3n afectada por los fen\u00f3menos naturales del a\u00f1o pasado, se espera beneficiar a alrededor de 32 mil familias, para lo que se estima una inversi\u00f3n aproximada de 32.4 millones de pesos.<\/p>\n\n\n\n<p>En el marco del lanzamiento del programa, Barrera Concha anunci\u00f3 que como parte de la rehabilitaci\u00f3n de las comisar\u00edas, que fueron afectadas por las inundaciones del a\u00f1o pasado, el Ayuntamiento de M\u00e9rida llevar\u00e1 a cabo la repavimentaci\u00f3n de las calles del centro de Noc Ac y se remodelar\u00e1 el parque. Estos trabajos se extender\u00e1n a otras 9 localidades, mencion\u00f3.<\/p>\n\n\n\n<p>Acompa\u00f1ados de la comisaria de Noc Ac, Mar\u00eda Gloria Dolores Ek Castro, el Gobernador y el presidente municipal hicieron un recorrido por las mesas de registro instaladas en esta localidad, donde supervisaron la recepci\u00f3n de solicitudes por parte del personal de la Secretar\u00eda de Desarrollo Social (Sedesol).<\/p>\n\n\n\n<p>Entre las primeras personas que acudieron a registrarse se encontraba Mar\u00eda Teresa Chuc Baas, quien coment\u00f3 que la fachada de su casa qued\u00f3 en mal estado despu\u00e9s de las inundaciones, por lo que esta ayuda le caer\u00e1 muy bien a ella y su familia.<\/p>\n\n\n\n<p>La vecina de la comisar\u00eda de Noc Ac afirm\u00f3 que este programa representa un gran beneficio para la gente que, como ella, no ha podido reparar su casa, por lo que agradeci\u00f3 al Gobierno del Estado y el Ayuntamiento de M\u00e9rida que est\u00e9n pendientes de la gente que m\u00e1s lo necesita.<\/p>\n\n\n\n<p>\u00abEst\u00e1 muy bien este programa que est\u00e1n haciendo porque nos ayuda mucho a las familias, ya que tambi\u00e9n hay la opci\u00f3n de que apliquen la pintura\u00bb, resalt\u00f3.<\/p>\n\n\n\n<p>El programa \u00abPintando tu fachada\u00bb cuenta con 2 modalidades: la primera \u201cSuministro de pintura para autoaplicaci\u00f3n\u201d, que incluye el suministro de una brocha de 4 pulgadas y un gal\u00f3n, es decir 4 litros, de pintura de color blanco para que el beneficiario pueda pintar la fachada de su vivienda.<\/p>\n\n\n\n<p>Mientras que la segunda modalidad: \u201cAplicaci\u00f3n de pintura para fachadas en viviendas de hasta dos plantas\u201d, consiste en que el Gobierno del Estado realice la aplicaci\u00f3n de pintura en la fachada de viviendas. En este caso podr\u00e1n acceder al apoyo solicitantes que habiten en viviendas de una o dos plantas.<\/p>\n\n\n\n<p>Al respecto, el titular de la Sedesol, Roger Torres Peniche, indic\u00f3 que, desde este d\u00eda y de manera programada, personal de la dependencia que encabeza estar\u00e1 instalando m\u00f3dulos para la recepci\u00f3n de solicitudes en las comisar\u00edas y los fraccionamientos Ciudad Caucel y Las Am\u00e9ricas, esto respetando todas las medidas de higiene y normas que expide salud, como el respeto a la sana distancia, el uso de cubrebocas y de gel antibacterial.<\/p>\n\n\n\n<p>Asimismo, el funcionario estatal se\u00f1al\u00f3 que este esquema es resultado de la coordinaci\u00f3n entre el Gobierno del Estado y el Ayuntamiento de M\u00e9rida para respaldar a las familias que vieron afectada su vivienda y ayudarlas a que vayan recuper\u00e1ndose de sus p\u00e9rdidas.<\/p>\n\n\n\n<p>Por \u00faltimo, Torres Peniche explic\u00f3 que, al momento de aplicar para la convocatoria, el ciudadano deber\u00e1 se\u00f1alar en orden de preferencia la modalidad del esquema al que desea acceder, no obstante, el resultado estar\u00e1 sujeto a la suficiencia presupuestaria programada para cada tipo de apoyo.<\/p>\n","protected":false},"excerpt":{"rendered":"<p>Familias de 29 comisar\u00edas y 2 fraccionamientos de las zonas de M\u00e9rida que resultaron m\u00e1s afectadas por las inundaciones que ocasionaron las tormentas y huracanes del a\u00f1o pasado, podr\u00e1n acceder<\/p>\n","protected":false},"author":2,"featured_media":85032,"comment_status":"open","ping_status":"open","sticky":false,"template":"","format":"standard","meta":{"jetpack_post_was_ever_published":false,"_jetpack_newsletter_access":"","_jetpack_dont_email_post_to_subs":false,"_jetpack_newsletter_tier_id":0,"_jetpack_memberships_contains_paywalled_content":false,"_jetpack_memberships_contains_paid_content":false,"footnotes":"","jetpack_publicize_message":"","jetpack_publicize_feature_enabled":true,"jetpack_social_post_already_shared":true,"jetpack_social_options":{"image_generator_settings":{"template":"highway","default_image_id":0,"font":"","enabled":false},"version":2}},"categories":[17],"tags":[],"class_list":["post-85030","post","type-post","status-publish","format-standard","has-post-thumbnail","hentry","category-politica-y-gobierno"],"jetpack_publicize_connections":[],"jetpack_featured_media_url":"https:\/\/formalprision.com\/wp-content\/uploads\/2021\/02\/photo5607124009187649497.jpg","jetpack_sharing_enabled":true,"jetpack_shortlink":"https:\/\/wp.me\/p6id8p-m7s","_links":{"self":[{"href":"https:\/\/formalprision.com\/index.php?rest_route=\/wp\/v2\/posts\/85030","targetHints":{"allow":["GET"]}}],"collection":[{"href":"https:\/\/formalprision.com\/index.php?rest_route=\/wp\/v2\/posts"}],"about":[{"href":"https:\/\/formalprision.com\/index.php?rest_route=\/wp\/v2\/types\/post"}],"author":[{"embeddable":true,"href":"https:\/\/formalprision.com\/index.php?rest_route=\/wp\/v2\/users\/2"}],"replies":[{"embeddable":true,"href":"https:\/\/formalprision.com\/index.php?rest_route=%2Fwp%2Fv2%2Fcomments&post=85030"}],"version-history":[{"count":0,"href":"https:\/\/formalprision.com\/index.php?rest_route=\/wp\/v2\/posts\/85030\/revisions"}],"wp:featuredmedia":[{"embeddable":true,"href":"https:\/\/formalprision.com\/index.php?rest_route=\/wp\/v2\/media\/85032"}],"wp:attachment":[{"href":"https:\/\/formalprision.com\/index.php?rest_route=%2Fwp%2Fv2%2Fmedia&parent=85030"}],"wp:term":[{"taxonomy":"category","embeddable":true,"href":"https:\/\/formalprision.com\/index.php?rest_route=%2Fwp%2Fv2%2Fcategories&post=85030"},{"taxonomy":"post_tag","embeddable":true,"href":"https:\/\/formalprision.com\/index.php?rest_route=%2Fwp%2Fv2%2Ftags&post=85030"}],"curies":[{"name":"wp","href":"https:\/\/api.w.org\/{rel}","templated":true}]}}