{"id":85034,"date":"2021-02-27T19:32:18","date_gmt":"2021-02-28T00:32:18","guid":{"rendered":"http:\/\/formalprision.com\/?p=85034"},"modified":"2021-02-27T21:00:47","modified_gmt":"2021-02-28T02:00:47","slug":"sabado-con-12-fallecidos-y-108-casos-de-coronavirus-en-yucatan","status":"publish","type":"post","link":"https:\/\/formalprision.com\/?p=85034","title":{"rendered":"S\u00e1bado con 12 fallecidos y 108 casos de coronavirus en Yucat\u00e1n"},"content":{"rendered":"\n<p>La jornada sabatina de Covid-19 en Yucat\u00e1n tuvo como saldo 12 fallecidos y 108 nuevos contagios.<\/p>\n\n\n\n<p>En cuanto a los pacientes hospitales, la cifra tuvo ligera alza pues hoy se reportaron 208 contra los 198 de ayer.<\/p>\n\n\n\n<p>En cuanto a los n\u00fameros globales, ya suman 32,538 los contagios desde que lleg\u00f3 la pandemia al estado, el 13 de marzo de 2020.<\/p>\n\n\n\n<p>Los pacientes recuperados ascienden a 28,275, es decir, m\u00e1s del 85 por ciento de los contagiados vence el coronavirus en Yucat\u00e1n.<\/p>\n\n\n\n<p>Los fallecidos suman 3,461, es decir, poco m\u00e1s del 10 por ciento de los casos.<\/p>\n\n\n\n<p>Este es el parte m\u00e9dico de este s\u00e1bado 27 de febrero:<\/p>\n\n\n\n<p>En los \u00faltimos d\u00edas se ha registrado un incremento importante en los ingresos hospitalarios, por lo que pedimos a la poblaci\u00f3n no bajar la guardia y continuar actuando con responsabilidad y siguiendo las medidas sanitarias, para evitar comprometer nuestra capacidad hospitalaria e interrumpir el proceso de reactivaci\u00f3n econ\u00f3mica.<\/p>\n\n\n\n<p>El jueves 25 se recibieron 10,725 dosis de vacunas Pfizer contra el Coronavirus. Estas dosis se est\u00e1n aplicado de la siguiente manera:<\/p>\n\n\n\n<p>* 2,925 son para la primera aplicaci\u00f3n al personal de salud de primer nivel de atenci\u00f3n en los Centros de Salud de la SSY y unidades m\u00e9dicas familiares del IMSS y el ISSSTE en el interior del estado. Ya se aplic\u00f3 el 94%<\/p>\n\n\n\n<p>* 2,925 para personal m\u00e9dico de \u00e1reas Covid que ya recibieron la primera aplicaci\u00f3n. Ya se aplic\u00f3 el 100%<\/p>\n\n\n\n<p>* 4,875 para adultos mayores de Um\u00e1n. En este municipio, el avance de vacunaci\u00f3n es de 41%<\/p>\n\n\n\n<p>El domingo 14 de febrero llegaron a Yucat\u00e1n 15,630 dosis de la vacuna contra el Coronavirus. Seg\u00fan consta en el \u00faltimo corte realizado hoy, el avance es del 99%. Se est\u00e1 vacunando a adultos mayores en los municipios de Valladolid, Motul y Conkal.&nbsp;<\/p>\n\n\n\n<p>Como hemos se\u00f1alado, en la reapertura econ\u00f3mica los datos m\u00e1s importantes son la ocupaci\u00f3n hospitalaria y los ingresos diarios. El d\u00eda de hoy tenemos 208 pacientes en hospitales p\u00fablicos.&nbsp;<\/p>\n\n\n\n<p>28,275 pacientes ya se recuperaron: no presentan s\u00edntomas ni pueden contagiar. Esta cifra representa el 87% del total de contagios registrados, que es 32,538.<\/p>\n\n\n\n<figure class=\"wp-block-image size-large\"><a href=\"http:\/\/formalprision.com\/wp-content\/uploads\/2021\/02\/WhatsApp-Image-2021-02-27-at-6.14.51-PM.jpeg\"><img loading=\"lazy\" decoding=\"async\" width=\"800\" height=\"569\" src=\"http:\/\/formalprision.com\/wp-content\/uploads\/2021\/02\/WhatsApp-Image-2021-02-27-at-6.14.51-PM.jpeg\" alt=\"\" class=\"wp-image-85037\" srcset=\"https:\/\/formalprision.com\/wp-content\/uploads\/2021\/02\/WhatsApp-Image-2021-02-27-at-6.14.51-PM.jpeg 800w, https:\/\/formalprision.com\/wp-content\/uploads\/2021\/02\/WhatsApp-Image-2021-02-27-at-6.14.51-PM-300x213.jpeg 300w, https:\/\/formalprision.com\/wp-content\/uploads\/2021\/02\/WhatsApp-Image-2021-02-27-at-6.14.51-PM-768x546.jpeg 768w\" sizes=\"auto, (max-width: 800px) 100vw, 800px\" \/><\/a><\/figure>\n\n\n\n<p>Hoy se detectaron 108 nuevos contagios de Coronavirus.&nbsp;<\/p>\n\n\n\n<p>86 en M\u00e9rida,<\/p>\n\n\n\n<p>7 en Kanas\u00edn<\/p>\n\n\n\n<p>3 en Hunucm\u00e1,<\/p>\n\n\n\n<p>2 en Progreso, y<\/p>\n\n\n\n<p>1 en Cacalch\u00e9n, Dzit\u00e1s, Maxcan\u00fa, Peto, Tekal de Venegas, Tizim\u00edn, Tzucacab, Um\u00e1n, Valladolid y Yaxkukul.<\/p>\n\n\n\n<p>De los 32,538 casos positivos, 274 son de otro pa\u00eds u otro estado.<\/p>\n\n\n\n<p>Espec\u00edficamente, en M\u00e9rida se han diagnosticado 20,103 personas contagiadas de Coronavirus (casos acumulados al 26 de febrero), que viven en:&nbsp;<\/p>\n\n\n\n<p>5,756 en la zona Norte&nbsp;<\/p>\n\n\n\n<p>5,423 en la zona Oriente<\/p>\n\n\n\n<p>1,897 en la zona Centro<\/p>\n\n\n\n<p>2,740 en la zona Sur<\/p>\n\n\n\n<p>4,287 en la zona Poniente<\/p>\n\n\n\n<p>Lamentablemente, en este parte m\u00e9dico informamos de 12 fallecimientos:<\/p>\n\n\n\n<p>1.- Masculino 62 a\u00f1os de M\u00e9rida&nbsp;&nbsp;&nbsp;&nbsp;&nbsp;&nbsp;&nbsp;&nbsp;&nbsp;&nbsp;&nbsp;&nbsp;&nbsp;&nbsp;&nbsp;&nbsp;&nbsp;&nbsp;&nbsp; DM\/HAS\/Obesidad<\/p>\n\n\n\n<p>2.- Masculino 79 a\u00f1os de M\u00e9rida&nbsp;&nbsp;&nbsp;&nbsp;&nbsp;&nbsp;&nbsp;&nbsp;&nbsp;&nbsp;&nbsp; &nbsp;&nbsp;&nbsp;&nbsp;&nbsp;&nbsp;&nbsp;&nbsp;DM<\/p>\n\n\n\n<p>3.- Femenino 51 a\u00f1os de M\u00e9rida&nbsp;&nbsp;&nbsp;&nbsp;&nbsp;&nbsp;&nbsp;&nbsp;&nbsp;&nbsp;&nbsp;&nbsp;&nbsp;&nbsp;&nbsp;&nbsp;&nbsp;&nbsp;&nbsp; Sin comorbilidades<\/p>\n\n\n\n<p>4.- Masculino 65 a\u00f1os de Kanas\u00edn&nbsp;&nbsp;&nbsp;&nbsp;&nbsp;&nbsp;&nbsp;&nbsp;&nbsp;&nbsp;&nbsp;&nbsp;&nbsp;&nbsp;&nbsp;&nbsp;&nbsp; DM\/HAS<\/p>\n\n\n\n<p>5.- Masculino 73 a\u00f1os de Tizim\u00edn&nbsp;&nbsp;&nbsp;&nbsp;&nbsp;&nbsp;&nbsp;&nbsp;&nbsp;&nbsp;&nbsp;&nbsp;&nbsp;&nbsp;&nbsp;&nbsp;&nbsp;&nbsp; Sin comorbilidades<\/p>\n\n\n\n<p>6.- Femenino 72 a\u00f1os de M\u00e9rida&nbsp;&nbsp;&nbsp;&nbsp;&nbsp;&nbsp;&nbsp;&nbsp;&nbsp;&nbsp;&nbsp;&nbsp;&nbsp;&nbsp;&nbsp;&nbsp;&nbsp; &nbsp;&nbsp;HAS\/Cardiopat\u00eda<\/p>\n\n\n\n<p>7.- Masculino 87 a\u00f1os de M\u00e9rida&nbsp;&nbsp;&nbsp;&nbsp;&nbsp;&nbsp;&nbsp;&nbsp;&nbsp;&nbsp;&nbsp;&nbsp;&nbsp;&nbsp;&nbsp;&nbsp;&nbsp;&nbsp;&nbsp; DM\/HAS<\/p>\n\n\n\n<p>8.- Masculino 93 a\u00f1os de Izamal&nbsp;&nbsp;&nbsp;&nbsp;&nbsp;&nbsp;&nbsp;&nbsp;&nbsp;&nbsp;&nbsp;&nbsp;&nbsp;&nbsp;&nbsp;&nbsp;&nbsp;&nbsp;&nbsp; Enfermedad vascular cerebral<\/p>\n\n\n\n<p>9.- Femenino 76 a\u00f1os de M\u00e9rida&nbsp;&nbsp;&nbsp;&nbsp;&nbsp;&nbsp;&nbsp;&nbsp;&nbsp;&nbsp;&nbsp;&nbsp;&nbsp;&nbsp;&nbsp;&nbsp;&nbsp;&nbsp;&nbsp; DM\/HAS\/Obesidad<\/p>\n\n\n\n<p>10.- Masculino 62 a\u00f1os de M\u00e9rida&nbsp; &nbsp;&nbsp;&nbsp;&nbsp;&nbsp;&nbsp;&nbsp;&nbsp;&nbsp;&nbsp;&nbsp;&nbsp;&nbsp;&nbsp;&nbsp;&nbsp;Hepatopat\u00eda<\/p>\n\n\n\n<p>11.- Femenino 68 a\u00f1os de M\u00e9rida&nbsp;&nbsp;&nbsp;&nbsp;&nbsp;&nbsp;&nbsp;&nbsp;&nbsp;&nbsp;&nbsp;&nbsp;&nbsp;&nbsp;&nbsp;&nbsp;&nbsp; DM\/HAS\/Asma<\/p>\n\n\n\n<p>12.- Masculino 73 a\u00f1os de Kanas\u00edn&nbsp;&nbsp;&nbsp;&nbsp;&nbsp;&nbsp;&nbsp;&nbsp;&nbsp;&nbsp;&nbsp;&nbsp;&nbsp;&nbsp;&nbsp; Sin comorbilidades<\/p>\n\n\n\n<p>Siglas: HIPERTENSI\u00d3N ARTERIAL SIST\u00c9MICA (HAS), DIABETES MELLITUS (DM) e INSUFICIENCIA RENAL CR\u00d3NICA (IRC).<\/p>\n\n\n\n<p>En total, son 3,461 las personas fallecidas a causa del coronavirus.<\/p>\n\n\n\n<figure class=\"wp-block-image size-large\"><a href=\"http:\/\/formalprision.com\/wp-content\/uploads\/2021\/02\/WhatsApp-Image-2021-02-27-at-6.14.45-PM.jpeg\"><img loading=\"lazy\" decoding=\"async\" width=\"800\" height=\"539\" src=\"http:\/\/formalprision.com\/wp-content\/uploads\/2021\/02\/WhatsApp-Image-2021-02-27-at-6.14.45-PM.jpeg\" alt=\"\" class=\"wp-image-85038\" srcset=\"https:\/\/formalprision.com\/wp-content\/uploads\/2021\/02\/WhatsApp-Image-2021-02-27-at-6.14.45-PM.jpeg 800w, https:\/\/formalprision.com\/wp-content\/uploads\/2021\/02\/WhatsApp-Image-2021-02-27-at-6.14.45-PM-300x202.jpeg 300w, https:\/\/formalprision.com\/wp-content\/uploads\/2021\/02\/WhatsApp-Image-2021-02-27-at-6.14.45-PM-768x517.jpeg 768w\" sizes=\"auto, (max-width: 800px) 100vw, 800px\" \/><\/a><\/figure>\n\n\n\n<p>De los casos activos, 594 est\u00e1n estables, aislados, monitoreados constantemente por personal m\u00e9dico de la SSY; presentan s\u00edntomas leves.<\/p>\n\n\n\n<p>Como ya mencionamos, 208 de los casos positivos est\u00e1n en hospitales p\u00fablicos y en aislamiento total. Hay otros pacientes a la espera de diagn\u00f3stico.<\/p>\n\n\n\n<p>El rango de edad de los casos es de 1 mes a 99 a\u00f1os.<\/p>\n\n\n\n<p>LOS INDICADORES SEMANALES DE NUESTRO SEM\u00c1FORO ESTATAL DE SALUD MARCAN COLOR NARANJA.<\/p>\n\n\n\n<p>COMO HEMOS INFORMADO, EL SEM\u00c1FORO ESTATAL DE SALUD SE VA A DA A CONOCER CADA 15 D\u00cdAS CON LA FINALIDAD DE HOMOLOGAR FECHAS DE PRESENTACI\u00d3N CON EL SEM\u00c1FORO QUINCENAL DEL GOBIERNO FEDERAL.<\/p>\n","protected":false},"excerpt":{"rendered":"<p>La jornada sabatina de Covid-19 en Yucat\u00e1n tuvo como saldo 12 fallecidos y 108 nuevos contagios. En cuanto a los pacientes hospitales, la cifra tuvo ligera alza pues hoy se<\/p>\n","protected":false},"author":2,"featured_media":85036,"comment_status":"open","ping_status":"open","sticky":false,"template":"","format":"standard","meta":{"jetpack_post_was_ever_published":false,"_jetpack_newsletter_access":"","_jetpack_dont_email_post_to_subs":false,"_jetpack_newsletter_tier_id":0,"_jetpack_memberships_contains_paywalled_content":false,"_jetpack_memberships_contains_paid_content":false,"footnotes":"","jetpack_publicize_message":"S\u00e1bado con 12 fallecidos y 108 casos de coronavirus en Yucat\u00e1n. Los pacientes hospitalizados, al alza.","jetpack_publicize_feature_enabled":true,"jetpack_social_post_already_shared":true,"jetpack_social_options":{"image_generator_settings":{"template":"highway","default_image_id":0,"font":"","enabled":false},"version":2}},"categories":[1588],"tags":[],"class_list":["post-85034","post","type-post","status-publish","format-standard","has-post-thumbnail","hentry","category-rotador-superior"],"jetpack_publicize_connections":[],"jetpack_featured_media_url":"https:\/\/formalprision.com\/wp-content\/uploads\/2021\/02\/WhatsApp-Image-2021-02-27-at-2.13.27-PM.jpeg","jetpack_sharing_enabled":true,"jetpack_shortlink":"https:\/\/wp.me\/p6id8p-m7w","_links":{"self":[{"href":"https:\/\/formalprision.com\/index.php?rest_route=\/wp\/v2\/posts\/85034","targetHints":{"allow":["GET"]}}],"collection":[{"href":"https:\/\/formalprision.com\/index.php?rest_route=\/wp\/v2\/posts"}],"about":[{"href":"https:\/\/formalprision.com\/index.php?rest_route=\/wp\/v2\/types\/post"}],"author":[{"embeddable":true,"href":"https:\/\/formalprision.com\/index.php?rest_route=\/wp\/v2\/users\/2"}],"replies":[{"embeddable":true,"href":"https:\/\/formalprision.com\/index.php?rest_route=%2Fwp%2Fv2%2Fcomments&post=85034"}],"version-history":[{"count":0,"href":"https:\/\/formalprision.com\/index.php?rest_route=\/wp\/v2\/posts\/85034\/revisions"}],"wp:featuredmedia":[{"embeddable":true,"href":"https:\/\/formalprision.com\/index.php?rest_route=\/wp\/v2\/media\/85036"}],"wp:attachment":[{"href":"https:\/\/formalprision.com\/index.php?rest_route=%2Fwp%2Fv2%2Fmedia&parent=85034"}],"wp:term":[{"taxonomy":"category","embeddable":true,"href":"https:\/\/formalprision.com\/index.php?rest_route=%2Fwp%2Fv2%2Fcategories&post=85034"},{"taxonomy":"post_tag","embeddable":true,"href":"https:\/\/formalprision.com\/index.php?rest_route=%2Fwp%2Fv2%2Ftags&post=85034"}],"curies":[{"name":"wp","href":"https:\/\/api.w.org\/{rel}","templated":true}]}}