{"id":85045,"date":"2021-02-27T23:45:18","date_gmt":"2021-02-28T04:45:18","guid":{"rendered":"http:\/\/formalprision.com\/?p=85045"},"modified":"2021-02-27T23:45:18","modified_gmt":"2021-02-28T04:45:18","slug":"renuncian-funcionarios-estatales-para-ser-candidatos-a-regidores-y-diputados","status":"publish","type":"post","link":"https:\/\/formalprision.com\/?p=85045","title":{"rendered":"Renuncian funcionarios estatales para ser candidatos a regidores y diputados"},"content":{"rendered":"\n<p>El Gobierno del Estado inform\u00f3 que funcionarios p\u00fablicos, entre subsecretarios, directores y subdirectores de diversas dependencias, institutos y entidades de la administraci\u00f3n p\u00fablica estatal, presentaron sus renuncias al cargo por motivos personales, pues aspiran a contender por un cargo de elecci\u00f3n popular.<\/p>\n\n\n\n<p>De igual forma, el Gobierno estatal dio a conocer que dichas dependencias, institutos y entidades continuar\u00e1n operando como lo hacen normalmente y su funcionamiento est\u00e1 garantizado con encargados de los respectivos Despachos, en tanto se designa a los nuevos titulares.<\/p>\n\n\n\n<p>Los funcionarios que presentaron sus renuncias son: V\u00edctor Hugo Lozano Poveda, subsecretario de Desarrollo Social y Asuntos Religiosos; Carmen Guadalupe Gonz\u00e1lez Mart\u00edn, subsecretaria de Gobierno y Desarrollo Pol\u00edtico; la titular de la Subsecretar\u00eda de Infraestructura Social, Carmen Mart\u00ednez Ordaz; Ingrid del Pilar Santos D\u00edaz, subsecretaria de la Juventud; y Abril Ferreyro Rosado, directora del Instituto Promotor de Ferias.<\/p>\n\n\n\n<p>De igual forma, \u00c1lvaro Cetina Puerto, subsecretario de Innovaci\u00f3n, Mejora Regulatoria y Eficiencia Institucional; Manuela Cocom Bolio, directora del Instituto de Capacitaci\u00f3n para el Trabajo del Estado (Icatey); Dafne Celina L\u00f3pez Osorio, directora de la Casa de Las Artesan\u00edas (CAEY); Erik Rihani Gonz\u00e1lez, de la Direcci\u00f3n de Ordenamiento Pesquero de la Secretar\u00eda de Pesca y Acuacultura Sustentable (Sepasy); Rafael Rodr\u00edguez M\u00e9ndez, subconsejero de Servicios Legales y Vinculaci\u00f3n Institucional; Celia Mar\u00eda Rivas Rodr\u00edguez, directora del Registro Civil; Luis Fern\u00e1ndez Vidal, rector de la Universidad de Oriente; y la subdirectora Operativa del DIF Yucat\u00e1n, Mariana Gaber Fern\u00e1ndez Montilla.<\/p>\n\n\n\n<p>El Gobierno del Estado reconoce el esfuerzo, la entrega y compromiso que estos servidores p\u00fablicos mostraron durante el tiempo en el que se desempe\u00f1aron en el cargo que les fue conferido, desde donde contribuyeron a seguir transformando a Yucat\u00e1n.&nbsp;<\/p>\n\n\n\n<p>Como encargados de los Despachos quedan:<\/p>\n\n\n\n<p>-Ricardo Alcocer Zapata en la Subsecretar\u00eda de Desarrollo Social y Asuntos Religiosos<\/p>\n\n\n\n<p>-Jos\u00e9 Carlos Puerto Patr\u00f3n en la Subsecretar\u00eda de Gobierno y Desarrollo Pol\u00edtico<\/p>\n\n\n\n<p>-Alejandro Novelo C\u00e1mara en la Subsecretar\u00eda de Infraestructura Social<\/p>\n\n\n\n<p>-Ra\u00fal Jes\u00fas Carrillo Segura en la Subsecretar\u00eda de la Juventud<\/p>\n\n\n\n<p>-David Valdez Jim\u00e9nez en el Instituto para el Desarrollo Regional y Municipal del estado (Inderm)<\/p>\n\n\n\n<p>-Alejandra Ponce Valdez en el Instituto Promotor de Ferias<\/p>\n\n\n\n<p>-Giovanna Bacelis Medina en la Subsecretar\u00eda de Innovaci\u00f3n, Mejora Regulatoria y Eficiencia Institucional<\/p>\n\n\n\n<p>-Reyes Suaste Guti\u00e9rrez en el Icatey<\/p>\n\n\n\n<p>-Giovanna Traconis Alcocer en la Casa de las Artesan\u00edas<\/p>\n\n\n\n<p>-Andr\u00e9s Ortiz Sosa en la Direcci\u00f3n del Registro Civil<\/p>\n\n\n\n<p>-Willy Orteg\u00f3n L\u00f3pez en la rector\u00eda de la Universidad de Oriente<\/p>\n\n\n\n<p>De igual forma, el Gobierno del Estado indic\u00f3 que se encuentra valorando los perfiles de quienes podr\u00edan ocupar estos espacios dentro de la administraci\u00f3n p\u00fablica estatal, por lo que en su momento dar\u00e1 a conocer esa informaci\u00f3n.<\/p>\n","protected":false},"excerpt":{"rendered":"<p>El Gobierno del Estado inform\u00f3 que funcionarios p\u00fablicos, entre subsecretarios, directores y subdirectores de diversas dependencias, institutos y entidades de la administraci\u00f3n p\u00fablica estatal, presentaron sus renuncias al cargo por<\/p>\n","protected":false},"author":2,"featured_media":85047,"comment_status":"open","ping_status":"open","sticky":false,"template":"","format":"standard","meta":{"jetpack_post_was_ever_published":false,"_jetpack_newsletter_access":"","_jetpack_dont_email_post_to_subs":false,"_jetpack_newsletter_tier_id":0,"_jetpack_memberships_contains_paywalled_content":false,"_jetpack_memberships_contains_paid_content":false,"footnotes":"","jetpack_publicize_message":"Renuncian funcionarios estatales para ser candidatos a regidores y diputados. En sus lugares quedan encargados del despacho.","jetpack_publicize_feature_enabled":true,"jetpack_social_post_already_shared":true,"jetpack_social_options":{"image_generator_settings":{"template":"highway","default_image_id":0,"font":"","enabled":false},"version":2}},"categories":[54],"tags":[],"class_list":["post-85045","post","type-post","status-publish","format-standard","has-post-thumbnail","hentry","category-yucatan"],"jetpack_publicize_connections":[],"jetpack_featured_media_url":"https:\/\/formalprision.com\/wp-content\/uploads\/2021\/02\/selfie.jpg","jetpack_sharing_enabled":true,"jetpack_shortlink":"https:\/\/wp.me\/p6id8p-m7H","_links":{"self":[{"href":"https:\/\/formalprision.com\/index.php?rest_route=\/wp\/v2\/posts\/85045","targetHints":{"allow":["GET"]}}],"collection":[{"href":"https:\/\/formalprision.com\/index.php?rest_route=\/wp\/v2\/posts"}],"about":[{"href":"https:\/\/formalprision.com\/index.php?rest_route=\/wp\/v2\/types\/post"}],"author":[{"embeddable":true,"href":"https:\/\/formalprision.com\/index.php?rest_route=\/wp\/v2\/users\/2"}],"replies":[{"embeddable":true,"href":"https:\/\/formalprision.com\/index.php?rest_route=%2Fwp%2Fv2%2Fcomments&post=85045"}],"version-history":[{"count":0,"href":"https:\/\/formalprision.com\/index.php?rest_route=\/wp\/v2\/posts\/85045\/revisions"}],"wp:featuredmedia":[{"embeddable":true,"href":"https:\/\/formalprision.com\/index.php?rest_route=\/wp\/v2\/media\/85047"}],"wp:attachment":[{"href":"https:\/\/formalprision.com\/index.php?rest_route=%2Fwp%2Fv2%2Fmedia&parent=85045"}],"wp:term":[{"taxonomy":"category","embeddable":true,"href":"https:\/\/formalprision.com\/index.php?rest_route=%2Fwp%2Fv2%2Fcategories&post=85045"},{"taxonomy":"post_tag","embeddable":true,"href":"https:\/\/formalprision.com\/index.php?rest_route=%2Fwp%2Fv2%2Ftags&post=85045"}],"curies":[{"name":"wp","href":"https:\/\/api.w.org\/{rel}","templated":true}]}}