{"id":8514,"date":"2011-03-26T16:32:00","date_gmt":"2011-03-26T16:32:00","guid":{"rendered":"http:\/\/formalprision.info\/2011\/03\/26\/repartidor-de-coca-al-penal-de-ebtun\/"},"modified":"2015-06-03T08:57:59","modified_gmt":"2015-06-03T08:57:59","slug":"repartidor-de-coca-al-penal-de-ebtun","status":"publish","type":"post","link":"https:\/\/formalprision.com\/?p=8514","title":{"rendered":"Repartidor de coca al penal de Ebt\u00fan"},"content":{"rendered":"<p><a href=\"http:\/\/1.bp.blogspot.com\/-cy94jTfpNBI\/TYwwqw3DYbI\/AAAAAAAAC7o\/smrOHCS0YZ0\/s1600\/aaaanarcosatanico.jpg\"><img decoding=\"async\" id=\"BLOGGER_PHOTO_ID_5587894748888392114\" style=\"FLOAT: left; MARGIN: 0px 10px 10px 0px; WIDTH: 170px; CURSOR: hand; HEIGHT: 160px\" alt=\"\" src=\"http:\/\/formalprision.com\/wp-content\/uploads\/2011\/03\/aaaanarcosatanico.jpg\" border=\"0\" \/><\/a><\/p>\n<div>En viaje directo, sin escalas, desde Valladolid, ayer lleg\u00f3 al penal Edmundo Trejo Ferrer, un narquito de esas tierras del Oriente.<\/div>\n<p><\/p>\n<div>Fue detenido por el mism\u00edsimo l Ej\u00e9rcito Mexicano, que en una acci\u00f3n de vigilancia, descubrieron al sujeto en posesi\u00f3n de 14 gramos 500 miligramos de coca\u00edna, una b\u00e1scula gramera y 40 bolsas transparentes, en la calle 41 de la colonia Santana, en el municipio de Valladolid.<br \/>Por este hecho, la droga y los objetos quedaron a disposici\u00f3n del Fiscal de la Federaci\u00f3n, quien inici\u00f3 y consign\u00f3 la indagatoria PGR\/YUC\/VALL\/30\/2011 ante el Juez de Ebt\u00fan.<\/div>\n<div>Trejo Ferrer fue trasladado al Centro de Readaptaci\u00f3n Social de Ebt\u00fan, o sea que no viaj\u00f3 mucho porque se encuentra tambi\u00e9n en Valladolid ese centro penitenciario.<\/div>\n<div>Ah\u00ed enfrentar\u00e1 cargos por posesi\u00f3n agravada de coca\u00edna con fines de comercio en su connotaci\u00f3n de venta. <\/div>\n","protected":false},"excerpt":{"rendered":"<p>En viaje directo, sin escalas, desde Valladolid, ayer lleg\u00f3 al penal Edmundo Trejo Ferrer, un narquito de esas tierras del Oriente. Fue detenido por el mism\u00edsimo l Ej\u00e9rcito Mexicano, que<\/p>\n","protected":false},"author":1,"featured_media":26985,"comment_status":"open","ping_status":"open","sticky":false,"template":"","format":"standard","meta":{"jetpack_post_was_ever_published":false,"_jetpack_newsletter_access":"","_jetpack_dont_email_post_to_subs":false,"_jetpack_newsletter_tier_id":0,"_jetpack_memberships_contains_paywalled_content":false,"_jetpack_memberships_contains_paid_content":false,"footnotes":"","jetpack_publicize_message":"","jetpack_publicize_feature_enabled":true,"jetpack_social_post_already_shared":false,"jetpack_social_options":{"image_generator_settings":{"template":"highway","default_image_id":0,"font":"","enabled":false},"version":2}},"categories":[47,3,1],"tags":[],"class_list":["post-8514","post","type-post","status-publish","format-standard","has-post-thumbnail","hentry","category-narcos","category-portada","category-sin-categoria"],"jetpack_publicize_connections":[],"jetpack_featured_media_url":"https:\/\/formalprision.com\/wp-content\/uploads\/2011\/03\/aaaanarcosatanico.jpg","jetpack_sharing_enabled":true,"jetpack_shortlink":"https:\/\/wp.me\/p6id8p-2dk","_links":{"self":[{"href":"https:\/\/formalprision.com\/index.php?rest_route=\/wp\/v2\/posts\/8514","targetHints":{"allow":["GET"]}}],"collection":[{"href":"https:\/\/formalprision.com\/index.php?rest_route=\/wp\/v2\/posts"}],"about":[{"href":"https:\/\/formalprision.com\/index.php?rest_route=\/wp\/v2\/types\/post"}],"author":[{"embeddable":true,"href":"https:\/\/formalprision.com\/index.php?rest_route=\/wp\/v2\/users\/1"}],"replies":[{"embeddable":true,"href":"https:\/\/formalprision.com\/index.php?rest_route=%2Fwp%2Fv2%2Fcomments&post=8514"}],"version-history":[{"count":0,"href":"https:\/\/formalprision.com\/index.php?rest_route=\/wp\/v2\/posts\/8514\/revisions"}],"wp:featuredmedia":[{"embeddable":true,"href":"https:\/\/formalprision.com\/index.php?rest_route=\/wp\/v2\/media\/26985"}],"wp:attachment":[{"href":"https:\/\/formalprision.com\/index.php?rest_route=%2Fwp%2Fv2%2Fmedia&parent=8514"}],"wp:term":[{"taxonomy":"category","embeddable":true,"href":"https:\/\/formalprision.com\/index.php?rest_route=%2Fwp%2Fv2%2Fcategories&post=8514"},{"taxonomy":"post_tag","embeddable":true,"href":"https:\/\/formalprision.com\/index.php?rest_route=%2Fwp%2Fv2%2Ftags&post=8514"}],"curies":[{"name":"wp","href":"https:\/\/api.w.org\/{rel}","templated":true}]}}