{"id":8531,"date":"2011-03-22T15:40:00","date_gmt":"2011-03-22T15:40:00","guid":{"rendered":"http:\/\/formalprision.info\/2011\/03\/22\/nina-de-15-meses-se-quema-con-agua\/"},"modified":"2015-06-03T08:58:01","modified_gmt":"2015-06-03T08:58:01","slug":"nina-de-15-meses-se-quema-con-agua","status":"publish","type":"post","link":"https:\/\/formalprision.com\/?p=8531","title":{"rendered":"Ni\u00f1a de 15 meses se quema con agua hirviendo"},"content":{"rendered":"<p><a href=\"http:\/\/1.bp.blogspot.com\/-t9U0PBb5bmY\/TYbznGUk1hI\/AAAAAAAAC54\/25N7NvdkxjY\/s1600\/agua_hirviendo%255B1%255D.jpg\"><img decoding=\"async\" id=\"BLOGGER_PHOTO_ID_5586420240837039634\" style=\"FLOAT: left; MARGIN: 0px 10px 10px 0px; WIDTH: 175px; CURSOR: hand; HEIGHT: 226px\" alt=\"\" src=\"http:\/\/formalprision.com\/wp-content\/uploads\/2011\/03\/agua_hirviendo%5B1%5D.jpg\" border=\"0\" \/><\/a><\/p>\n<div>Al Centro M\u00e9dico T-1 del IMSS fue llevado de urgencia LUCELI MOO V\u00c1ZQUEZ, de un a\u00f1o y tres meses de edad, quien se quem\u00f3 en su casa.<\/div>\n<div>Mar\u00eda de la Luz Gamboa Calder\u00f3n, abuela de la ni\u00f1a, dijo que son vecinas del fraccionamiento Arboleda de Jes\u00fas Carranza, en donde ayer a las 16:00 horas, la peque\u00f1a jal\u00f3 un recipiente que conten\u00eda agua caliente y \u00e9sta le cay\u00f3 encima. <\/div>\n<div>Presenta quemaduras de segundo grado en varias partes del cuerpo. <\/div>\n","protected":false},"excerpt":{"rendered":"<p>Al Centro M\u00e9dico T-1 del IMSS fue llevado de urgencia LUCELI MOO V\u00c1ZQUEZ, de un a\u00f1o y tres meses de edad, quien se quem\u00f3 en su casa. Mar\u00eda de la<\/p>\n","protected":false},"author":1,"featured_media":27020,"comment_status":"open","ping_status":"open","sticky":false,"template":"","format":"standard","meta":{"jetpack_post_was_ever_published":false,"_jetpack_newsletter_access":"","_jetpack_dont_email_post_to_subs":false,"_jetpack_newsletter_tier_id":0,"_jetpack_memberships_contains_paywalled_content":false,"_jetpack_memberships_contains_paid_content":false,"footnotes":"","jetpack_publicize_message":"","jetpack_publicize_feature_enabled":true,"jetpack_social_post_already_shared":false,"jetpack_social_options":{"image_generator_settings":{"template":"highway","default_image_id":0,"font":"","enabled":false},"version":2}},"categories":[3,1,53],"tags":[],"class_list":["post-8531","post","type-post","status-publish","format-standard","has-post-thumbnail","hentry","category-portada","category-sin-categoria","category-yo-no-fui"],"jetpack_publicize_connections":[],"jetpack_featured_media_url":"https:\/\/formalprision.com\/wp-content\/uploads\/2011\/03\/agua_hirviendo%5B1%5D.jpg","jetpack_sharing_enabled":true,"jetpack_shortlink":"https:\/\/wp.me\/p6id8p-2dB","_links":{"self":[{"href":"https:\/\/formalprision.com\/index.php?rest_route=\/wp\/v2\/posts\/8531","targetHints":{"allow":["GET"]}}],"collection":[{"href":"https:\/\/formalprision.com\/index.php?rest_route=\/wp\/v2\/posts"}],"about":[{"href":"https:\/\/formalprision.com\/index.php?rest_route=\/wp\/v2\/types\/post"}],"author":[{"embeddable":true,"href":"https:\/\/formalprision.com\/index.php?rest_route=\/wp\/v2\/users\/1"}],"replies":[{"embeddable":true,"href":"https:\/\/formalprision.com\/index.php?rest_route=%2Fwp%2Fv2%2Fcomments&post=8531"}],"version-history":[{"count":0,"href":"https:\/\/formalprision.com\/index.php?rest_route=\/wp\/v2\/posts\/8531\/revisions"}],"wp:featuredmedia":[{"embeddable":true,"href":"https:\/\/formalprision.com\/index.php?rest_route=\/wp\/v2\/media\/27020"}],"wp:attachment":[{"href":"https:\/\/formalprision.com\/index.php?rest_route=%2Fwp%2Fv2%2Fmedia&parent=8531"}],"wp:term":[{"taxonomy":"category","embeddable":true,"href":"https:\/\/formalprision.com\/index.php?rest_route=%2Fwp%2Fv2%2Fcategories&post=8531"},{"taxonomy":"post_tag","embeddable":true,"href":"https:\/\/formalprision.com\/index.php?rest_route=%2Fwp%2Fv2%2Ftags&post=8531"}],"curies":[{"name":"wp","href":"https:\/\/api.w.org\/{rel}","templated":true}]}}