{"id":8537,"date":"2011-03-21T02:34:00","date_gmt":"2011-03-21T02:34:00","guid":{"rendered":"http:\/\/formalprision.info\/2011\/03\/21\/gresca-en-acanceh-tres-detenidos-por\/"},"modified":"2015-06-03T08:58:03","modified_gmt":"2015-06-03T08:58:03","slug":"gresca-en-acanceh-tres-detenidos-por","status":"publish","type":"post","link":"https:\/\/formalprision.com\/?p=8537","title":{"rendered":"Gresca en Acanceh: tres detenidos por acuchillar a un muchacho"},"content":{"rendered":"<p><a href=\"http:\/\/2.bp.blogspot.com\/-iLYxr5s5ADI\/TYbtyLlBUDI\/AAAAAAAAC5Y\/4dazHDpbGEQ\/s1600\/aaalesionador.JPG\"><img decoding=\"async\" id=\"BLOGGER_PHOTO_ID_5586413834156986418\" style=\"FLOAT: left; MARGIN: 0px 10px 10px 0px; WIDTH: 320px; CURSOR: hand; HEIGHT: 214px\" alt=\"\" src=\"http:\/\/formalprision.com\/wp-content\/uploads\/2011\/03\/aaalesionador.jpg\" border=\"0\" \/><\/a><\/p>\n<div><\/div>\n<p><\/p>\n<div><b>Dos sujetos que lesionaron de gravedad con una navaja a Juan de Dios Baz\u00e1n Cetz, de 19 a\u00f1os de edad, esta madrugada en la poblaci\u00f3n de Acanceh, fueron detenidos por elementos de la Secretar\u00eda de Seguridad P\u00fablica.<\/b><\/p>\n<p>Los agresores son menores de edad: <b>B.C.S<\/b>. de 17 a\u00f1os y<b>E.C.P<\/b>. de 16; el primero fue capturado por los polic\u00edas estatales en la calle 24 por 25 de Acanceh y el otro en la calle 19 por 14.<\/p>\n<p>En la c\u00e1rcel municipal ya estaba detenido el hermano del herido, de nombre Santos Ram\u00f3n Baz\u00e1n Pech, de 21 a\u00f1os, quien estuvo involucrado en la ri\u00f1a.<\/p>\n<p>El reporte m\u00e9dico indica que la lesi\u00f3n es de gravedad, con 5 cent\u00edmetros de profundidad en el t\u00f3rax. Baz\u00e1n Cetz fue intervenido quir\u00fargicamente.<\/p>\n<p>La Polic\u00eda Municipal de Acanceh se\u00f1al\u00f3 que el ataque ocurri\u00f3 a las 04:00 horas de este domingo, durante un pleito entre v\u00e1ndalos al finalizar un baile popular en el centro de la localidad.<\/p>\n<p>Los tres individuos fueron puestos a disposici\u00f3n de las autoridades ministeriales<\/p>\n<div>\n<\/div>\n<\/div>\n<p><\/p>\n","protected":false},"excerpt":{"rendered":"<p>Dos sujetos que lesionaron de gravedad con una navaja a Juan de Dios Baz\u00e1n Cetz, de 19 a\u00f1os de edad, esta madrugada en la poblaci\u00f3n de Acanceh, fueron detenidos por<\/p>\n","protected":false},"author":1,"featured_media":27031,"comment_status":"open","ping_status":"open","sticky":false,"template":"","format":"standard","meta":{"jetpack_post_was_ever_published":false,"_jetpack_newsletter_access":"","_jetpack_dont_email_post_to_subs":false,"_jetpack_newsletter_tier_id":0,"_jetpack_memberships_contains_paywalled_content":false,"_jetpack_memberships_contains_paid_content":false,"footnotes":"","jetpack_publicize_message":"","jetpack_publicize_feature_enabled":true,"jetpack_social_post_already_shared":false,"jetpack_social_options":{"image_generator_settings":{"template":"highway","default_image_id":0,"font":"","enabled":false},"version":2}},"categories":[50,3,1],"tags":[],"class_list":["post-8537","post","type-post","status-publish","format-standard","has-post-thumbnail","hentry","category-machines","category-portada","category-sin-categoria"],"jetpack_publicize_connections":[],"jetpack_featured_media_url":"https:\/\/formalprision.com\/wp-content\/uploads\/2011\/03\/aaalesionador.jpg","jetpack_sharing_enabled":true,"jetpack_shortlink":"https:\/\/wp.me\/p6id8p-2dH","_links":{"self":[{"href":"https:\/\/formalprision.com\/index.php?rest_route=\/wp\/v2\/posts\/8537","targetHints":{"allow":["GET"]}}],"collection":[{"href":"https:\/\/formalprision.com\/index.php?rest_route=\/wp\/v2\/posts"}],"about":[{"href":"https:\/\/formalprision.com\/index.php?rest_route=\/wp\/v2\/types\/post"}],"author":[{"embeddable":true,"href":"https:\/\/formalprision.com\/index.php?rest_route=\/wp\/v2\/users\/1"}],"replies":[{"embeddable":true,"href":"https:\/\/formalprision.com\/index.php?rest_route=%2Fwp%2Fv2%2Fcomments&post=8537"}],"version-history":[{"count":0,"href":"https:\/\/formalprision.com\/index.php?rest_route=\/wp\/v2\/posts\/8537\/revisions"}],"wp:featuredmedia":[{"embeddable":true,"href":"https:\/\/formalprision.com\/index.php?rest_route=\/wp\/v2\/media\/27031"}],"wp:attachment":[{"href":"https:\/\/formalprision.com\/index.php?rest_route=%2Fwp%2Fv2%2Fmedia&parent=8537"}],"wp:term":[{"taxonomy":"category","embeddable":true,"href":"https:\/\/formalprision.com\/index.php?rest_route=%2Fwp%2Fv2%2Fcategories&post=8537"},{"taxonomy":"post_tag","embeddable":true,"href":"https:\/\/formalprision.com\/index.php?rest_route=%2Fwp%2Fv2%2Ftags&post=8537"}],"curies":[{"name":"wp","href":"https:\/\/api.w.org\/{rel}","templated":true}]}}