{"id":8538,"date":"2011-03-20T17:30:00","date_gmt":"2011-03-20T17:30:00","guid":{"rendered":"http:\/\/formalprision.info\/2011\/03\/20\/a-prision-tres-narcos-de-la-delio-moreno\/"},"modified":"2015-06-03T08:58:03","modified_gmt":"2015-06-03T08:58:03","slug":"a-prision-tres-narcos-de-la-delio-moreno","status":"publish","type":"post","link":"https:\/\/formalprision.com\/?p=8538","title":{"rendered":"A prisi\u00f3n tres narcos de la Delio Moreno"},"content":{"rendered":"<p><a href=\"http:\/\/1.bp.blogspot.com\/-1hF_RhUstfo\/TYXQvLJt0mI\/AAAAAAAAC5A\/DpVEYVi8wV4\/s1600\/GetAttachment%255B3%255D.jpg\"><img decoding=\"async\" id=\"BLOGGER_PHOTO_ID_5586100421688939106\" style=\"FLOAT: left; MARGIN: 0px 10px 10px 0px; WIDTH: 220px; CURSOR: hand; HEIGHT: 146px\" alt=\"\" src=\"http:\/\/formalprision.com\/wp-content\/uploads\/2011\/03\/GetAttachment%5B3%5D.jpg\" border=\"0\" \/><\/a><\/p>\n<div>La Secretar\u00eda de Seguridad P\u00fablica decomis\u00f3 dos paquetes de mariguana envueltos con cinta canela.<\/div>\n<p><\/p>\n<div>Fueron asegurados durante la detenci\u00f3n de tres individuos que llevaban la droga en el interior de un autom\u00f3vil Chevrolet Camaro de color negro, placas ZAC-6218.<br \/>Gabriel Arc\u00e1ngel Duarte Rojas, de 23 a\u00f1os de edad; Anselmo Villac\u00eds Quijano, de 26 a\u00f1os, y Florencio Villac\u00eds de la Rosa, de 47, fueron detenidos ayer por la tarde en la calle 60 por 103 de la colonia Delio Moreno Cant\u00f3n.<\/div>\n<p><\/p>\n<div>Se les detuvo por conducir el mencionado veh\u00edculo a exceso de velocidad.<br \/>Los uniformados se percataron de un bulto negro, que uno de los pasajeros agarraba, y le pidieron mostrar su contenido, que result\u00f3 ser la yerba.<br \/>Villac\u00eds de la Rosa dio positivo a cannabis en el examen toxicol\u00f3gico.<\/div>\n","protected":false},"excerpt":{"rendered":"<p>La Secretar\u00eda de Seguridad P\u00fablica decomis\u00f3 dos paquetes de mariguana envueltos con cinta canela. Fueron asegurados durante la detenci\u00f3n de tres individuos que llevaban la droga en el interior de<\/p>\n","protected":false},"author":1,"featured_media":27033,"comment_status":"open","ping_status":"open","sticky":false,"template":"","format":"standard","meta":{"jetpack_post_was_ever_published":false,"_jetpack_newsletter_access":"","_jetpack_dont_email_post_to_subs":false,"_jetpack_newsletter_tier_id":0,"_jetpack_memberships_contains_paywalled_content":false,"_jetpack_memberships_contains_paid_content":false,"footnotes":"","jetpack_publicize_message":"","jetpack_publicize_feature_enabled":true,"jetpack_social_post_already_shared":false,"jetpack_social_options":{"image_generator_settings":{"template":"highway","default_image_id":0,"font":"","enabled":false},"version":2}},"categories":[47,3,1],"tags":[],"class_list":["post-8538","post","type-post","status-publish","format-standard","has-post-thumbnail","hentry","category-narcos","category-portada","category-sin-categoria"],"jetpack_publicize_connections":[],"jetpack_featured_media_url":"https:\/\/formalprision.com\/wp-content\/uploads\/2011\/03\/GetAttachment%5B3%5D.jpg","jetpack_sharing_enabled":true,"jetpack_shortlink":"https:\/\/wp.me\/p6id8p-2dI","_links":{"self":[{"href":"https:\/\/formalprision.com\/index.php?rest_route=\/wp\/v2\/posts\/8538","targetHints":{"allow":["GET"]}}],"collection":[{"href":"https:\/\/formalprision.com\/index.php?rest_route=\/wp\/v2\/posts"}],"about":[{"href":"https:\/\/formalprision.com\/index.php?rest_route=\/wp\/v2\/types\/post"}],"author":[{"embeddable":true,"href":"https:\/\/formalprision.com\/index.php?rest_route=\/wp\/v2\/users\/1"}],"replies":[{"embeddable":true,"href":"https:\/\/formalprision.com\/index.php?rest_route=%2Fwp%2Fv2%2Fcomments&post=8538"}],"version-history":[{"count":0,"href":"https:\/\/formalprision.com\/index.php?rest_route=\/wp\/v2\/posts\/8538\/revisions"}],"wp:featuredmedia":[{"embeddable":true,"href":"https:\/\/formalprision.com\/index.php?rest_route=\/wp\/v2\/media\/27033"}],"wp:attachment":[{"href":"https:\/\/formalprision.com\/index.php?rest_route=%2Fwp%2Fv2%2Fmedia&parent=8538"}],"wp:term":[{"taxonomy":"category","embeddable":true,"href":"https:\/\/formalprision.com\/index.php?rest_route=%2Fwp%2Fv2%2Fcategories&post=8538"},{"taxonomy":"post_tag","embeddable":true,"href":"https:\/\/formalprision.com\/index.php?rest_route=%2Fwp%2Fv2%2Ftags&post=8538"}],"curies":[{"name":"wp","href":"https:\/\/api.w.org\/{rel}","templated":true}]}}