{"id":8542,"date":"2011-03-19T16:43:00","date_gmt":"2011-03-19T16:43:00","guid":{"rendered":"http:\/\/formalprision.info\/2011\/03\/19\/semaforazo-deja-un-motociclista-herido\/"},"modified":"2015-06-03T08:58:04","modified_gmt":"2015-06-03T08:58:04","slug":"semaforazo-deja-un-motociclista-herido","status":"publish","type":"post","link":"https:\/\/formalprision.com\/?p=8542","title":{"rendered":"Semaforazo deja un motociclista herido en el centro"},"content":{"rendered":"<p><a href=\"http:\/\/1.bp.blogspot.com\/-p8wZPcfrupU\/TYTfsX65MFI\/AAAAAAAAC4o\/UYyQyheBvgo\/s1600\/aaaamameyazodos.JPG\"><img decoding=\"async\" id=\"BLOGGER_PHOTO_ID_5585835391274528850\" style=\"FLOAT: left; MARGIN: 0px 10px 10px 0px; WIDTH: 320px; CURSOR: hand; HEIGHT: 240px\" alt=\"\" src=\"http:\/\/formalprision.com\/wp-content\/uploads\/2011\/03\/aaaamameyazodos.jpg\" border=\"0\" \/><\/a><\/p>\n<div>Un motociclista result\u00f3 lesionado anoche en un mameyazo en la calle 56 por 55, en el centro.<\/div>\n<p><\/p>\n<div>En el choque que estuvieron involucrados la motocicleta placas 4GMN8 y la camioneta Xterra-SE placas YZU-2463, conducidos por Juan de Dios G\u00f3mez Pacab y Oscar Iv\u00e1n P\u00e9rez Caamal, respectivamente. <\/div>\n<p><\/p>\n<div>Los hechos se registraron cuando el guiador de la moto transitaba de poniente a oriente sobre la calle 55. <\/div>\n<p><\/p>\n<div>Al llegar a la intersecci\u00f3n la 56 colision\u00f3 contra el costado delantero izquierdo de la camioneta, la cual circulaba de sur a norte sobre la calle 56.<\/div>\n<p><\/p>\n<div>A consecuencia del impacto G\u00f3mez Pacab result\u00f3 policontundido, por lo que fue trasladado a la cl\u00ednica T-1 del IMSS para su valoraci\u00f3n m\u00e9dica a bordo de la ambulancia DPM-01 de la Polic\u00eda Municipal de M\u00e9rida. <\/div>\n<p><\/p>\n<div>Cabe indicar que ambos conductores adujeron tener la preferencia del sem\u00e1foro al momento del impacto.<\/div>\n","protected":false},"excerpt":{"rendered":"<p>Un motociclista result\u00f3 lesionado anoche en un mameyazo en la calle 56 por 55, en el centro. En el choque que estuvieron involucrados la motocicleta placas 4GMN8 y la camioneta<\/p>\n","protected":false},"author":1,"featured_media":27041,"comment_status":"open","ping_status":"open","sticky":false,"template":"","format":"standard","meta":{"jetpack_post_was_ever_published":false,"_jetpack_newsletter_access":"","_jetpack_dont_email_post_to_subs":false,"_jetpack_newsletter_tier_id":0,"_jetpack_memberships_contains_paywalled_content":false,"_jetpack_memberships_contains_paid_content":false,"footnotes":"","jetpack_publicize_message":"","jetpack_publicize_feature_enabled":true,"jetpack_social_post_already_shared":false,"jetpack_social_options":{"image_generator_settings":{"template":"highway","default_image_id":0,"font":"","enabled":false},"version":2}},"categories":[60,3,1,53],"tags":[],"class_list":["post-8542","post","type-post","status-publish","format-standard","has-post-thumbnail","hentry","category-cafres","category-portada","category-sin-categoria","category-yo-no-fui"],"jetpack_publicize_connections":[],"jetpack_featured_media_url":"https:\/\/formalprision.com\/wp-content\/uploads\/2011\/03\/aaaamameyazodos.jpg","jetpack_sharing_enabled":true,"jetpack_shortlink":"https:\/\/wp.me\/p6id8p-2dM","_links":{"self":[{"href":"https:\/\/formalprision.com\/index.php?rest_route=\/wp\/v2\/posts\/8542","targetHints":{"allow":["GET"]}}],"collection":[{"href":"https:\/\/formalprision.com\/index.php?rest_route=\/wp\/v2\/posts"}],"about":[{"href":"https:\/\/formalprision.com\/index.php?rest_route=\/wp\/v2\/types\/post"}],"author":[{"embeddable":true,"href":"https:\/\/formalprision.com\/index.php?rest_route=\/wp\/v2\/users\/1"}],"replies":[{"embeddable":true,"href":"https:\/\/formalprision.com\/index.php?rest_route=%2Fwp%2Fv2%2Fcomments&post=8542"}],"version-history":[{"count":0,"href":"https:\/\/formalprision.com\/index.php?rest_route=\/wp\/v2\/posts\/8542\/revisions"}],"wp:featuredmedia":[{"embeddable":true,"href":"https:\/\/formalprision.com\/index.php?rest_route=\/wp\/v2\/media\/27041"}],"wp:attachment":[{"href":"https:\/\/formalprision.com\/index.php?rest_route=%2Fwp%2Fv2%2Fmedia&parent=8542"}],"wp:term":[{"taxonomy":"category","embeddable":true,"href":"https:\/\/formalprision.com\/index.php?rest_route=%2Fwp%2Fv2%2Fcategories&post=8542"},{"taxonomy":"post_tag","embeddable":true,"href":"https:\/\/formalprision.com\/index.php?rest_route=%2Fwp%2Fv2%2Ftags&post=8542"}],"curies":[{"name":"wp","href":"https:\/\/api.w.org\/{rel}","templated":true}]}}