{"id":8549,"date":"2011-03-17T15:27:00","date_gmt":"2011-03-17T15:27:00","guid":{"rendered":"http:\/\/formalprision.info\/2011\/03\/17\/la-empleada-domestica-fue-asesinada\/"},"modified":"2015-06-03T08:58:06","modified_gmt":"2015-06-03T08:58:06","slug":"la-empleada-domestica-fue-asesinada","status":"publish","type":"post","link":"https:\/\/formalprision.com\/?p=8549","title":{"rendered":"La empleada dom\u00e9stica fue asesinada a golpe limpio"},"content":{"rendered":"<p><a href=\"http:\/\/3.bp.blogspot.com\/-dxw4AFQUjCo\/TYGt6DF3ABI\/AAAAAAAAC3w\/DaVUUJK_E84\/s1600\/aaaaaamurioagolpes.jpg\"><img decoding=\"async\" id=\"BLOGGER_PHOTO_ID_5584936225690026002\" style=\"FLOAT: left; MARGIN: 0px 10px 10px 0px; WIDTH: 320px; CURSOR: hand; HEIGHT: 240px\" alt=\"\" src=\"http:\/\/formalprision.com\/wp-content\/uploads\/2011\/03\/aaaaaamurioagolpes.jpg\" border=\"0\" \/><\/a><\/p>\n<div>La empleada dom\u00e9stica asesinada ayer en San Antonio Cinta no muri\u00f3 a causa de las heridas con arma blanca que le hizo su victimario, sino por un par de trancazos en la cabeza.<\/div>\n<p><\/p>\n<div>La mujer, que en vida se llam\u00f3 Anselma Uh P\u00e9rez, muri\u00f3 por traumatismo craneoncef\u00e1lico consecuente a fractura de cr\u00e1neo.<\/div>\n<p><\/p>\n<div>La mujer al parecer fue aporreada con fuerza en el suelo o bien fue golpeada con un objeto contundente.<\/div>\n<p><\/p>\n<div>Ten\u00eda heridas con un desarmador, pero \u00e9stas fueron hechas cuando ya estaba moribunda.<\/div>\n<p><\/p>\n<div>El caso sigue en investigaci\u00f3n y se espera que pronto la Polic\u00eda se acerque al homicida, pues ya tiene sospechosos..<\/div>\n<p><\/p>\n<div><\/div>\n","protected":false},"excerpt":{"rendered":"<p>La empleada dom\u00e9stica asesinada ayer en San Antonio Cinta no muri\u00f3 a causa de las heridas con arma blanca que le hizo su victimario, sino por un par de trancazos<\/p>\n","protected":false},"author":1,"featured_media":27054,"comment_status":"open","ping_status":"open","sticky":false,"template":"","format":"standard","meta":{"jetpack_post_was_ever_published":false,"_jetpack_newsletter_access":"","_jetpack_dont_email_post_to_subs":false,"_jetpack_newsletter_tier_id":0,"_jetpack_memberships_contains_paywalled_content":false,"_jetpack_memberships_contains_paid_content":false,"footnotes":"","jetpack_publicize_message":"","jetpack_publicize_feature_enabled":true,"jetpack_social_post_already_shared":false,"jetpack_social_options":{"image_generator_settings":{"template":"highway","default_image_id":0,"font":"","enabled":false},"version":2}},"categories":[59,3,1],"tags":[],"class_list":["post-8549","post","type-post","status-publish","format-standard","has-post-thumbnail","hentry","category-asesinos","category-portada","category-sin-categoria"],"jetpack_publicize_connections":[],"jetpack_featured_media_url":"https:\/\/formalprision.com\/wp-content\/uploads\/2011\/03\/aaaaaamurioagolpes.jpg","jetpack_sharing_enabled":true,"jetpack_shortlink":"https:\/\/wp.me\/p6id8p-2dT","_links":{"self":[{"href":"https:\/\/formalprision.com\/index.php?rest_route=\/wp\/v2\/posts\/8549","targetHints":{"allow":["GET"]}}],"collection":[{"href":"https:\/\/formalprision.com\/index.php?rest_route=\/wp\/v2\/posts"}],"about":[{"href":"https:\/\/formalprision.com\/index.php?rest_route=\/wp\/v2\/types\/post"}],"author":[{"embeddable":true,"href":"https:\/\/formalprision.com\/index.php?rest_route=\/wp\/v2\/users\/1"}],"replies":[{"embeddable":true,"href":"https:\/\/formalprision.com\/index.php?rest_route=%2Fwp%2Fv2%2Fcomments&post=8549"}],"version-history":[{"count":0,"href":"https:\/\/formalprision.com\/index.php?rest_route=\/wp\/v2\/posts\/8549\/revisions"}],"wp:featuredmedia":[{"embeddable":true,"href":"https:\/\/formalprision.com\/index.php?rest_route=\/wp\/v2\/media\/27054"}],"wp:attachment":[{"href":"https:\/\/formalprision.com\/index.php?rest_route=%2Fwp%2Fv2%2Fmedia&parent=8549"}],"wp:term":[{"taxonomy":"category","embeddable":true,"href":"https:\/\/formalprision.com\/index.php?rest_route=%2Fwp%2Fv2%2Fcategories&post=8549"},{"taxonomy":"post_tag","embeddable":true,"href":"https:\/\/formalprision.com\/index.php?rest_route=%2Fwp%2Fv2%2Ftags&post=8549"}],"curies":[{"name":"wp","href":"https:\/\/api.w.org\/{rel}","templated":true}]}}