{"id":8555,"date":"2011-03-16T14:00:00","date_gmt":"2011-03-16T14:00:00","guid":{"rendered":"http:\/\/formalprision.info\/2011\/03\/16\/reporte-de-robo-de-un-bebe-en-la-t-1\/"},"modified":"2015-06-03T08:58:09","modified_gmt":"2015-06-03T08:58:09","slug":"reporte-de-robo-de-un-bebe-en-la-t-1","status":"publish","type":"post","link":"https:\/\/formalprision.com\/?p=8555","title":{"rendered":"Reporte de robo de un beb\u00e9 en la T-1 genera psicosis y moviliza a la polic\u00eda"},"content":{"rendered":"<p><a href=\"http:\/\/2.bp.blogspot.com\/-40NkFy2I9EA\/TYBZw1xQUOI\/AAAAAAAAC3Q\/pr5iH6noy-Y\/s1600\/gorro_navideno_bebe_recien_nacido%255B1%255D.jpg\"><img decoding=\"async\" id=\"BLOGGER_PHOTO_ID_5584562233541677282\" style=\"FLOAT: left; MARGIN: 0px 10px 10px 0px; WIDTH: 320px; CURSOR: hand; HEIGHT: 229px\" alt=\"\" src=\"http:\/\/formalprision.com\/wp-content\/uploads\/2011\/03\/gorro_navideno_bebe_recien_nacido%5B1%5D.jpg\" border=\"0\" \/><\/a><\/p>\n<div>Confusi\u00f3n y \u00abpsicosis virtual\u00bb gener\u00f3 anoche el reporte del robo de un beb\u00e9 reci\u00e9n nacido en la C\u00ednica T1 del IMSS.<\/div>\n<p><\/p>\n<div>El presunto robo no ocurri\u00f3 en M\u00e9rida, pero comos e difundi\u00f3 a trav\u00e9s de Twitter entre meridanos, la noticia gener\u00f3 la confusi\u00f3n.<\/div>\n<p><\/p>\n<div>Fue tal la psicosis y confusi\u00f3n que la Secretar\u00eda de Seguridad P\u00fablica se vio obligada a investigar el asunto y el personal de la T-1 tambi\u00e9n tuvo que contar a los reci\u00e9n nacidos para verificar que todo estaba bien.<\/div>\n<p><\/p>\n<div>El problema comenz\u00f3 cerca de las 11 de la noche cuando circul\u00f3 una cadena de mensajes a trav\u00e9s del servicio de mensajer\u00eda de telefon\u00eda celular.<\/div>\n<p><\/p>\n<div>El mensaje indicaba que se hab\u00edan robado un beb\u00e9 de la T-1 del IMSS y que los traficantes huyeron en un taxi cuyas placas se dinfudieron tambi\u00e9n en el mensaje, aunque no correspond\u00edan a un veh\u00edculo de la entidad.<\/div>\n<div>la cadena lleg\u00f3 a Twitter y luego a la cuenta @retenesmerida, con lo que de inmediato se \u00b4volvi\u00f3 todo un alboroto.<\/div>\n<div>La SSP envi\u00f3 al sitio a sus polic\u00edas, que verificaron que todo se trat\u00f3 de un rumor, pues los ni\u00f1os reci\u00e9n nacidos estaban completos.<\/div>\n<div>El robo del ebeb\u00e9 al parecer ocurri\u00f3 en Canc\u00fan, pero otras versiones indicaban que fue en Veracruz.<\/div>\n<p><\/p>\n<div><\/div>\n","protected":false},"excerpt":{"rendered":"<p>Confusi\u00f3n y \u00abpsicosis virtual\u00bb gener\u00f3 anoche el reporte del robo de un beb\u00e9 reci\u00e9n nacido en la C\u00ednica T1 del IMSS. El presunto robo no ocurri\u00f3 en M\u00e9rida, pero comos<\/p>\n","protected":false},"author":1,"featured_media":27064,"comment_status":"open","ping_status":"open","sticky":false,"template":"","format":"standard","meta":{"jetpack_post_was_ever_published":false,"_jetpack_newsletter_access":"","_jetpack_dont_email_post_to_subs":false,"_jetpack_newsletter_tier_id":0,"_jetpack_memberships_contains_paywalled_content":false,"_jetpack_memberships_contains_paid_content":false,"footnotes":"","jetpack_publicize_message":"","jetpack_publicize_feature_enabled":true,"jetpack_social_post_already_shared":false,"jetpack_social_options":{"image_generator_settings":{"template":"highway","default_image_id":0,"font":"","enabled":false},"version":2}},"categories":[3,1,49],"tags":[],"class_list":["post-8555","post","type-post","status-publish","format-standard","has-post-thumbnail","hentry","category-portada","category-sin-categoria","category-tocho-morocho"],"jetpack_publicize_connections":[],"jetpack_featured_media_url":"https:\/\/formalprision.com\/wp-content\/uploads\/2011\/03\/gorro_navideno_bebe_recien_nacido%5B1%5D.jpg","jetpack_sharing_enabled":true,"jetpack_shortlink":"https:\/\/wp.me\/p6id8p-2dZ","_links":{"self":[{"href":"https:\/\/formalprision.com\/index.php?rest_route=\/wp\/v2\/posts\/8555","targetHints":{"allow":["GET"]}}],"collection":[{"href":"https:\/\/formalprision.com\/index.php?rest_route=\/wp\/v2\/posts"}],"about":[{"href":"https:\/\/formalprision.com\/index.php?rest_route=\/wp\/v2\/types\/post"}],"author":[{"embeddable":true,"href":"https:\/\/formalprision.com\/index.php?rest_route=\/wp\/v2\/users\/1"}],"replies":[{"embeddable":true,"href":"https:\/\/formalprision.com\/index.php?rest_route=%2Fwp%2Fv2%2Fcomments&post=8555"}],"version-history":[{"count":0,"href":"https:\/\/formalprision.com\/index.php?rest_route=\/wp\/v2\/posts\/8555\/revisions"}],"wp:featuredmedia":[{"embeddable":true,"href":"https:\/\/formalprision.com\/index.php?rest_route=\/wp\/v2\/media\/27064"}],"wp:attachment":[{"href":"https:\/\/formalprision.com\/index.php?rest_route=%2Fwp%2Fv2%2Fmedia&parent=8555"}],"wp:term":[{"taxonomy":"category","embeddable":true,"href":"https:\/\/formalprision.com\/index.php?rest_route=%2Fwp%2Fv2%2Fcategories&post=8555"},{"taxonomy":"post_tag","embeddable":true,"href":"https:\/\/formalprision.com\/index.php?rest_route=%2Fwp%2Fv2%2Ftags&post=8555"}],"curies":[{"name":"wp","href":"https:\/\/api.w.org\/{rel}","templated":true}]}}