{"id":8557,"date":"2011-03-14T23:58:00","date_gmt":"2011-03-14T23:58:00","guid":{"rendered":"http:\/\/formalprision.info\/2011\/03\/14\/ladrones-de-predio-veraniego-se-llevan\/"},"modified":"2015-06-03T08:58:09","modified_gmt":"2015-06-03T08:58:09","slug":"ladrones-de-predio-veraniego-se-llevan","status":"publish","type":"post","link":"https:\/\/formalprision.com\/?p=8557","title":{"rendered":"Ladrones de predio veraniego se llevan hasta una banana inflable"},"content":{"rendered":"<p>ia general de<a href=\"http:\/\/1.bp.blogspot.com\/-4aGqZEO1Ui4\/TXsMwA2jYNI\/AAAAAAAAC1A\/vo0rK-iZZTQ\/s1600\/Img_2011-03-11_a_las_11.12.31%255B1%255D.jpg\"><img decoding=\"async\" id=\"BLOGGER_PHOTO_ID_5583070182057926866\" style=\"FLOAT: left; MARGIN: 0px 10px 10px 0px; WIDTH: 380px; CURSOR: hand; HEIGHT: 400px\" alt=\"\" src=\"http:\/\/formalprision.com\/wp-content\/uploads\/2011\/03\/Img_2011-03-11_a_las_11.12.31%5B1%5D.jpg\" border=\"0\" \/><\/a><\/p>\n<div>Polic\u00edas progrese\u00f1os detuvieron a 2 menores de edad, presuntos responsables de un robo a un predio veraniego.<\/div>\n<p><\/p>\n<div>Otros cinco ladrones lograron escapar corriendo<\/div>\n<p><\/p>\n<div>Fue alrededor de las 15:00 hrs cuando los uniformados que se encontraban en su labor de vigilancia, se percataron que 7 personas sal\u00edan de un predio ubicado en la calle 13, de la carretera principal a Chelem, en la entrada VILLA MOLOCH.<\/div>\n<p><\/p>\n<div>Los sujetos llevaban varios art\u00edculos consigo.<\/div>\n<p><\/p>\n<div>Al ver a los polis, los sospechosos huyen tomando distintos rumbos dejando varios de los art\u00edculos tirados.<\/div>\n<p><\/p>\n<div>Los agentes lograron detener a los que corr\u00edan m\u00e1s despacio.<\/div>\n<p><\/p>\n<div>Los detenidos son P. R. C. f. de 15 a\u00f1os de edad, y J.L.P.P. tambi\u00e9n de 15 a\u00f1os.<\/div>\n<p><\/p>\n<div>Entre los art\u00edculos que se recuperaron se encontraban 2 bombas al parecer de agua dentro de sus cajas, diversos art\u00edculos de cocina como platos y vasos, una banana inflable, Una bolsa de pl\u00e1stico de color gris encontrando en su interior, una brocha para pintura, una manija de lavado, un radiador de moto<\/div>\n","protected":false},"excerpt":{"rendered":"<p>ia general de Polic\u00edas progrese\u00f1os detuvieron a 2 menores de edad, presuntos responsables de un robo a un predio veraniego. Otros cinco ladrones lograron escapar corriendo Fue alrededor de las<\/p>\n","protected":false},"author":1,"featured_media":27068,"comment_status":"open","ping_status":"open","sticky":false,"template":"","format":"standard","meta":{"jetpack_post_was_ever_published":false,"_jetpack_newsletter_access":"","_jetpack_dont_email_post_to_subs":false,"_jetpack_newsletter_tier_id":0,"_jetpack_memberships_contains_paywalled_content":false,"_jetpack_memberships_contains_paid_content":false,"footnotes":"","jetpack_publicize_message":"","jetpack_publicize_feature_enabled":true,"jetpack_social_post_already_shared":false,"jetpack_social_options":{"image_generator_settings":{"template":"highway","default_image_id":0,"font":"","enabled":false},"version":2}},"categories":[3,57,1],"tags":[],"class_list":["post-8557","post","type-post","status-publish","format-standard","has-post-thumbnail","hentry","category-portada","category-ratas","category-sin-categoria"],"jetpack_publicize_connections":[],"jetpack_featured_media_url":"https:\/\/formalprision.com\/wp-content\/uploads\/2011\/03\/Img_2011-03-11_a_las_11.12.31%5B1%5D.jpg","jetpack_sharing_enabled":true,"jetpack_shortlink":"https:\/\/wp.me\/p6id8p-2e1","_links":{"self":[{"href":"https:\/\/formalprision.com\/index.php?rest_route=\/wp\/v2\/posts\/8557","targetHints":{"allow":["GET"]}}],"collection":[{"href":"https:\/\/formalprision.com\/index.php?rest_route=\/wp\/v2\/posts"}],"about":[{"href":"https:\/\/formalprision.com\/index.php?rest_route=\/wp\/v2\/types\/post"}],"author":[{"embeddable":true,"href":"https:\/\/formalprision.com\/index.php?rest_route=\/wp\/v2\/users\/1"}],"replies":[{"embeddable":true,"href":"https:\/\/formalprision.com\/index.php?rest_route=%2Fwp%2Fv2%2Fcomments&post=8557"}],"version-history":[{"count":0,"href":"https:\/\/formalprision.com\/index.php?rest_route=\/wp\/v2\/posts\/8557\/revisions"}],"wp:featuredmedia":[{"embeddable":true,"href":"https:\/\/formalprision.com\/index.php?rest_route=\/wp\/v2\/media\/27068"}],"wp:attachment":[{"href":"https:\/\/formalprision.com\/index.php?rest_route=%2Fwp%2Fv2%2Fmedia&parent=8557"}],"wp:term":[{"taxonomy":"category","embeddable":true,"href":"https:\/\/formalprision.com\/index.php?rest_route=%2Fwp%2Fv2%2Fcategories&post=8557"},{"taxonomy":"post_tag","embeddable":true,"href":"https:\/\/formalprision.com\/index.php?rest_route=%2Fwp%2Fv2%2Ftags&post=8557"}],"curies":[{"name":"wp","href":"https:\/\/api.w.org\/{rel}","templated":true}]}}