{"id":8561,"date":"2011-03-14T15:33:00","date_gmt":"2011-03-14T15:33:00","guid":{"rendered":"http:\/\/formalprision.info\/2011\/03\/14\/el-puma-carrillo-espinosa-reaparece\/"},"modified":"2015-06-03T08:58:10","modified_gmt":"2015-06-03T08:58:10","slug":"el-puma-carrillo-espinosa-reaparece","status":"publish","type":"post","link":"https:\/\/formalprision.com\/?p=8561","title":{"rendered":"El Puma Carrillo Espinosa reaparece a trav\u00e9s de Twitter"},"content":{"rendered":"<p><a href=\"http:\/\/2.bp.blogspot.com\/-A2UbP3GvoOk\/TX2rrNke21I\/AAAAAAAAC2Q\/_M5LTuqrAFI\/s1600\/noticia_4b372f1add42e%255B1%255D.jpg\"><img decoding=\"async\" id=\"BLOGGER_PHOTO_ID_5583807871874685778\" style=\"FLOAT: left; MARGIN: 0px 10px 10px 0px; WIDTH: 320px; CURSOR: hand; HEIGHT: 222px\" alt=\"\" src=\"http:\/\/formalprision.com\/wp-content\/uploads\/2011\/03\/noticia_4b372f1add42e%5B1%5D.jpg\" border=\"0\" \/><\/a><\/p>\n<div><\/p>\n<div><\/p>\n<div>El pol\u00e9mico ex polic\u00eda Daniel Carrillo Espinosa, apodado El Puma, aparentemente est\u00e1 de regreso, utilizando la red social Twitter para tratar de inquietar a sus enemigos.<\/div>\n<p><\/p>\n<div>El Puma Carrillo Espinosa abri\u00f3 su cuenta en Twitter y a trav\u00e9s de ella mantiene cierto acercamiento con el ambito polic\u00edaco del que se hab\u00eda mantenido alejado desde su salida de la SPV, a la llegada de la nueva administrai\u00f3n estatal.<\/div>\n<p><\/p>\n<div>El ex director operativo de la SPV al parecer utilizar\u00e1 su cuenta para criticar y vigilar los movimientos de la Secretar\u00eda de Seguridad P\u00fablica.<\/div>\n<p><\/p>\n<div>Aunque tibiamente, el Puma Carrillo se vale de la cuenta de Twitter @retenesmerida para denunciar la presencia de retenes de la corp\u00f2raci\u00f3n de la que fue un alto mando y a la vez para monitorear los movimientos policiacos.<\/div>\n<div>El Puma Carrillo se uni\u00f3 a Twitter hace seis semanas con la cuenta @dacaes, conformada con las dos primeras letras de su nombre y sus apellidos.<\/div>\n<div>No ha colocado su fotograf\u00eda, pero si puso el escudo del equipo de f\u00fabol Pumas de la Unam, del que es aficionado.<\/div>\n<div>Entre las cuentas a las que sigue est\u00e1n la del ex gobernador Patricio Patr\u00f3n Laviada, la del PAN M\u00e9rida, \u00f1a de Beatriz Zavala y ,desde luego, este portal, del que es un asiduo lector.<\/div>\n<div>Por el momento, El Puma no sigue a la cuenta de la SSP @control sspyuc, pero la monitorea desde su tel\u00e9fono.<\/div>\n<div>Su esposa, Michele Preciat tambi\u00e9n tiene su cuenta y utilizaba una fotograf\u00eda en la que aparec\u00eda con El Puma, pero anoche la cambi\u00f3 debido a que intercambi\u00f3 cr\u00edticas de un reportero local<\/div>\n<p>La fotograf\u00eda corresponde a la vez que fue detenido y acusado por golpear a un polic\u00eda<\/p>\n<p><\/p>\n<div><\/div>\n<\/div>\n<\/div>\n","protected":false},"excerpt":{"rendered":"<p>El pol\u00e9mico ex polic\u00eda Daniel Carrillo Espinosa, apodado El Puma, aparentemente est\u00e1 de regreso, utilizando la red social Twitter para tratar de inquietar a sus enemigos. El Puma Carrillo Espinosa<\/p>\n","protected":false},"author":1,"featured_media":27075,"comment_status":"open","ping_status":"open","sticky":false,"template":"","format":"standard","meta":{"jetpack_post_was_ever_published":false,"_jetpack_newsletter_access":"","_jetpack_dont_email_post_to_subs":false,"_jetpack_newsletter_tier_id":0,"_jetpack_memberships_contains_paywalled_content":false,"_jetpack_memberships_contains_paid_content":false,"footnotes":"","jetpack_publicize_message":"","jetpack_publicize_feature_enabled":true,"jetpack_social_post_already_shared":false,"jetpack_social_options":{"image_generator_settings":{"template":"highway","default_image_id":0,"font":"","enabled":false},"version":2}},"categories":[3,1,49],"tags":[],"class_list":["post-8561","post","type-post","status-publish","format-standard","has-post-thumbnail","hentry","category-portada","category-sin-categoria","category-tocho-morocho"],"jetpack_publicize_connections":[],"jetpack_featured_media_url":"https:\/\/formalprision.com\/wp-content\/uploads\/2011\/03\/noticia_4b372f1add42e%5B1%5D.jpg","jetpack_sharing_enabled":true,"jetpack_shortlink":"https:\/\/wp.me\/p6id8p-2e5","_links":{"self":[{"href":"https:\/\/formalprision.com\/index.php?rest_route=\/wp\/v2\/posts\/8561","targetHints":{"allow":["GET"]}}],"collection":[{"href":"https:\/\/formalprision.com\/index.php?rest_route=\/wp\/v2\/posts"}],"about":[{"href":"https:\/\/formalprision.com\/index.php?rest_route=\/wp\/v2\/types\/post"}],"author":[{"embeddable":true,"href":"https:\/\/formalprision.com\/index.php?rest_route=\/wp\/v2\/users\/1"}],"replies":[{"embeddable":true,"href":"https:\/\/formalprision.com\/index.php?rest_route=%2Fwp%2Fv2%2Fcomments&post=8561"}],"version-history":[{"count":0,"href":"https:\/\/formalprision.com\/index.php?rest_route=\/wp\/v2\/posts\/8561\/revisions"}],"wp:featuredmedia":[{"embeddable":true,"href":"https:\/\/formalprision.com\/index.php?rest_route=\/wp\/v2\/media\/27075"}],"wp:attachment":[{"href":"https:\/\/formalprision.com\/index.php?rest_route=%2Fwp%2Fv2%2Fmedia&parent=8561"}],"wp:term":[{"taxonomy":"category","embeddable":true,"href":"https:\/\/formalprision.com\/index.php?rest_route=%2Fwp%2Fv2%2Fcategories&post=8561"},{"taxonomy":"post_tag","embeddable":true,"href":"https:\/\/formalprision.com\/index.php?rest_route=%2Fwp%2Fv2%2Ftags&post=8561"}],"curies":[{"name":"wp","href":"https:\/\/api.w.org\/{rel}","templated":true}]}}