{"id":8564,"date":"2011-03-13T18:33:00","date_gmt":"2011-03-13T18:33:00","guid":{"rendered":"http:\/\/formalprision.info\/2011\/03\/13\/incendio-cerca-de-fabrica-de-barcos\/"},"modified":"2015-06-03T08:58:10","modified_gmt":"2015-06-03T08:58:10","slug":"incendio-cerca-de-fabrica-de-barcos","status":"publish","type":"post","link":"https:\/\/formalprision.com\/?p=8564","title":{"rendered":"Incendio cerca de f\u00e1brica de barcos causa alarma en el Perif\u00e9rico"},"content":{"rendered":"<p><a href=\"http:\/\/3.bp.blogspot.com\/-LeGHvVCO2Jo\/TX1lNq8dhKI\/AAAAAAAAC14\/my4hdsbFJdQ\/s1600\/aaaincendioprocurador.jpg\"><img decoding=\"async\" id=\"BLOGGER_PHOTO_ID_5583730398549869730\" style=\"FLOAT: left; MARGIN: 0px 10px 10px 0px; WIDTH: 298px; CURSOR: hand; HEIGHT: 400px\" alt=\"\" src=\"http:\/\/formalprision.com\/wp-content\/uploads\/2011\/03\/aaaincendioprocurador.jpg\" border=\"0\" \/><\/a><\/p>\n<div>Un mega incendio de maleza a la orilla del Perif\u00e9rico caus\u00f3 movilizaci\u00f3n de los bomberos y problemas viales en esa v\u00eda.<br \/>El tr\u00e1fico tuvo que ser bloqueado moment\u00e1neamente debido a que el humo del incendio invadi\u00f3 los dos carriles e hizo imposible transitar por el lugar.<br \/>Por fortuna, los bomberos realizaron a tiempo su trabajo, pero necesitaron apoyo de otra cuadrilla porque el fuego amenazaba con llegar a una f\u00e1brica de barcos.<br \/>En el lugar estuvo el fiscal general H\u00e9ctor Cabrera Rivero, quien pasaba por el sitio y descendi\u00f3 de su veh\u00edculo para saber si los bomberos necesitaban m\u00e1s apoyo y pedirlo a la SSP.<br \/>Cabrera Rivero tom\u00f3 la fotograf\u00eda que acompa\u00f1a esta nota y que puso en su cuenta e Twiitter .<br \/>El incendios e registr\u00f3 al medio d\u00eda, cerca de las instalaciones de la Harley Davidson.<br \/>El fuego fue en zona de monte, pero cerca estaba una bodega con barcos y lanchas, lo que hizo crecer la alarma.<\/div>\n","protected":false},"excerpt":{"rendered":"<p>Un mega incendio de maleza a la orilla del Perif\u00e9rico caus\u00f3 movilizaci\u00f3n de los bomberos y problemas viales en esa v\u00eda.El tr\u00e1fico tuvo que ser bloqueado moment\u00e1neamente debido a que<\/p>\n","protected":false},"author":1,"featured_media":27080,"comment_status":"open","ping_status":"open","sticky":false,"template":"","format":"standard","meta":{"jetpack_post_was_ever_published":false,"_jetpack_newsletter_access":"","_jetpack_dont_email_post_to_subs":false,"_jetpack_newsletter_tier_id":0,"_jetpack_memberships_contains_paywalled_content":false,"_jetpack_memberships_contains_paid_content":false,"footnotes":"","jetpack_publicize_message":"","jetpack_publicize_feature_enabled":true,"jetpack_social_post_already_shared":false,"jetpack_social_options":{"image_generator_settings":{"template":"highway","default_image_id":0,"font":"","enabled":false},"version":2}},"categories":[56,3,1],"tags":[],"class_list":["post-8564","post","type-post","status-publish","format-standard","has-post-thumbnail","hentry","category-incendios","category-portada","category-sin-categoria"],"jetpack_publicize_connections":[],"jetpack_featured_media_url":"https:\/\/formalprision.com\/wp-content\/uploads\/2011\/03\/aaaincendioprocurador.jpg","jetpack_sharing_enabled":true,"jetpack_shortlink":"https:\/\/wp.me\/p6id8p-2e8","_links":{"self":[{"href":"https:\/\/formalprision.com\/index.php?rest_route=\/wp\/v2\/posts\/8564","targetHints":{"allow":["GET"]}}],"collection":[{"href":"https:\/\/formalprision.com\/index.php?rest_route=\/wp\/v2\/posts"}],"about":[{"href":"https:\/\/formalprision.com\/index.php?rest_route=\/wp\/v2\/types\/post"}],"author":[{"embeddable":true,"href":"https:\/\/formalprision.com\/index.php?rest_route=\/wp\/v2\/users\/1"}],"replies":[{"embeddable":true,"href":"https:\/\/formalprision.com\/index.php?rest_route=%2Fwp%2Fv2%2Fcomments&post=8564"}],"version-history":[{"count":0,"href":"https:\/\/formalprision.com\/index.php?rest_route=\/wp\/v2\/posts\/8564\/revisions"}],"wp:featuredmedia":[{"embeddable":true,"href":"https:\/\/formalprision.com\/index.php?rest_route=\/wp\/v2\/media\/27080"}],"wp:attachment":[{"href":"https:\/\/formalprision.com\/index.php?rest_route=%2Fwp%2Fv2%2Fmedia&parent=8564"}],"wp:term":[{"taxonomy":"category","embeddable":true,"href":"https:\/\/formalprision.com\/index.php?rest_route=%2Fwp%2Fv2%2Fcategories&post=8564"},{"taxonomy":"post_tag","embeddable":true,"href":"https:\/\/formalprision.com\/index.php?rest_route=%2Fwp%2Fv2%2Ftags&post=8564"}],"curies":[{"name":"wp","href":"https:\/\/api.w.org\/{rel}","templated":true}]}}