{"id":8576,"date":"2011-03-10T20:24:00","date_gmt":"2011-03-10T20:24:00","guid":{"rendered":"http:\/\/formalprision.info\/2011\/03\/10\/mortal-impacto-por-la-lluvia-cerca-de\/"},"modified":"2015-06-03T08:58:12","modified_gmt":"2015-06-03T08:58:12","slug":"mortal-impacto-por-la-lluvia-cerca-de","status":"publish","type":"post","link":"https:\/\/formalprision.com\/?p=8576","title":{"rendered":"Mortal impacto por la lluvia cerca de M\u00e9rida"},"content":{"rendered":"<p><a href=\"http:\/\/2.bp.blogspot.com\/-OET92gmH9Bo\/TXk2ODhqO6I\/AAAAAAAAC0g\/eOYD8vd15m0\/s1600\/aaaaaaaaestaeslabvuena.jpg\"><img decoding=\"async\" id=\"BLOGGER_PHOTO_ID_5582552828194995106\" style=\"FLOAT: left; MARGIN: 0px 10px 10px 0px; WIDTH: 400px; CURSOR: hand; HEIGHT: 300px\" alt=\"\" src=\"http:\/\/formalprision.com\/wp-content\/uploads\/2011\/03\/aaaaaaaaestaeslabvuena.jpg\" border=\"0\" \/><\/a><\/p>\n<div>La intensa lluvia de este d\u00eda en M\u00e9rida y sus alrededores cobr\u00f3 una v\u00edctima mortal en el kil\u00f3metro 12 de la carretera M\u00e9rida-Chetumal, en el tramo M\u00e9rida-Acanceh.<\/div>\n<p><\/p>\n<div>Regner Omar Echeverr\u00eda Encizo, de unos 28 a\u00f1os de edad, muri\u00f3 al volante de la camioneta que conduc\u00eda y que se estrell\u00f3 contra una plataforma que transportaba maquinaria pesada.<\/div>\n<p><\/p>\n<div>La muerte fue instantanea, pese a que el chofer llevaba puesto el cintur\u00f3n de seguridad.<\/div>\n<p><\/p>\n<div>El mortal percance ocurri\u00f3 a las 12:30 horas en el entronque a San Antonio Tehuitz, cuando el ahora occiso conduc\u00eda una camioneta Ford peque\u00f1a y delante viajaba un tractocami\u00f3n tipo plataforma de la empresa Megarent, del Grupo Ponce.<\/div>\n<p><\/p>\n<div>Ambos transitaban a exceso de velocidad, pero el chofer del tractocami\u00f3n baj\u00f3 la velocidad al entrar a la curva y Echeverr\u00eda Encizo no pudo frenar por el piso mojado , lo que provoc\u00f3 que se incurstara detr\u00e1s de la pesada undiad.<\/div>\n<p><\/p>\n<div>Ambos veh\u00edculos se salieron de la carretera, aunque por lados opuestos.<\/div>\n<p><\/p>\n<div>El chofer del cami\u00f3n de Megarent huy\u00f3 del sitio al percatarse que el otro guiador estaba muerto.<\/div>\n<p><\/p>\n<div><\/div>\n","protected":false},"excerpt":{"rendered":"<p>La intensa lluvia de este d\u00eda en M\u00e9rida y sus alrededores cobr\u00f3 una v\u00edctima mortal en el kil\u00f3metro 12 de la carretera M\u00e9rida-Chetumal, en el tramo M\u00e9rida-Acanceh. Regner Omar Echeverr\u00eda<\/p>\n","protected":false},"author":1,"featured_media":27100,"comment_status":"open","ping_status":"open","sticky":false,"template":"","format":"standard","meta":{"jetpack_post_was_ever_published":false,"_jetpack_newsletter_access":"","_jetpack_dont_email_post_to_subs":false,"_jetpack_newsletter_tier_id":0,"_jetpack_memberships_contains_paywalled_content":false,"_jetpack_memberships_contains_paid_content":false,"footnotes":"","jetpack_publicize_message":"","jetpack_publicize_feature_enabled":true,"jetpack_social_post_already_shared":false,"jetpack_social_options":{"image_generator_settings":{"template":"highway","default_image_id":0,"font":"","enabled":false},"version":2}},"categories":[60,44,3,1],"tags":[],"class_list":["post-8576","post","type-post","status-publish","format-standard","has-post-thumbnail","hentry","category-cafres","category-morgue","category-portada","category-sin-categoria"],"jetpack_publicize_connections":[],"jetpack_featured_media_url":"https:\/\/formalprision.com\/wp-content\/uploads\/2011\/03\/aaaaaaaaestaeslabvuena.jpg","jetpack_sharing_enabled":true,"jetpack_shortlink":"https:\/\/wp.me\/p6id8p-2ek","_links":{"self":[{"href":"https:\/\/formalprision.com\/index.php?rest_route=\/wp\/v2\/posts\/8576","targetHints":{"allow":["GET"]}}],"collection":[{"href":"https:\/\/formalprision.com\/index.php?rest_route=\/wp\/v2\/posts"}],"about":[{"href":"https:\/\/formalprision.com\/index.php?rest_route=\/wp\/v2\/types\/post"}],"author":[{"embeddable":true,"href":"https:\/\/formalprision.com\/index.php?rest_route=\/wp\/v2\/users\/1"}],"replies":[{"embeddable":true,"href":"https:\/\/formalprision.com\/index.php?rest_route=%2Fwp%2Fv2%2Fcomments&post=8576"}],"version-history":[{"count":0,"href":"https:\/\/formalprision.com\/index.php?rest_route=\/wp\/v2\/posts\/8576\/revisions"}],"wp:featuredmedia":[{"embeddable":true,"href":"https:\/\/formalprision.com\/index.php?rest_route=\/wp\/v2\/media\/27100"}],"wp:attachment":[{"href":"https:\/\/formalprision.com\/index.php?rest_route=%2Fwp%2Fv2%2Fmedia&parent=8576"}],"wp:term":[{"taxonomy":"category","embeddable":true,"href":"https:\/\/formalprision.com\/index.php?rest_route=%2Fwp%2Fv2%2Fcategories&post=8576"},{"taxonomy":"post_tag","embeddable":true,"href":"https:\/\/formalprision.com\/index.php?rest_route=%2Fwp%2Fv2%2Ftags&post=8576"}],"curies":[{"name":"wp","href":"https:\/\/api.w.org\/{rel}","templated":true}]}}