{"id":8578,"date":"2011-03-09T20:27:00","date_gmt":"2011-03-09T20:27:00","guid":{"rendered":"http:\/\/formalprision.info\/2011\/03\/09\/sentencian-16-anos-de-prision-directivo\/"},"modified":"2015-06-03T08:58:13","modified_gmt":"2015-06-03T08:58:13","slug":"sentencian-16-anos-de-prision-directivo","status":"publish","type":"post","link":"https:\/\/formalprision.com\/?p=8578","title":{"rendered":"Sentencian a 16 a\u00f1os de prisi\u00f3n a directivo de la caja de ahorros Coopera"},"content":{"rendered":"<p>El agente del Ministerio P\u00fablico de la Federaci\u00f3n obtuvo del Juzgado Primero de Distrito en Yucat\u00e1n la sentencia condenatoria de 16 a\u00f1os de prisi\u00f3n y 500 mil d\u00edas de salario m\u00ednimo de multa contra Jes\u00fas Mart\u00edn Caballero Aguilar por su responsabilidad en la comisi\u00f3n de delito fiscal.<br \/>De acuerdo con el expediente UEIDFF\/FINM\/<a href=\"tel:12\/509\/2007\" detectors=\"true\">12\/509\/2007<\/a>, derivado de una denuncia interpuesta por la Comisi\u00f3n Nacional Bancaria y de Valores se comprob\u00f3 que Jes\u00fas Mart\u00edn Caballero Aguilar ocasion\u00f3 un da\u00f1o patrimonial a una sociedad de ahorro y pr\u00e9stamo para la que trabajaba, por la cantidad de 218 millones 568 mil 235 pesos.Una vez integrados los elementos de prueba, el Representante Social de la Federaci\u00f3n ejercit\u00f3 acci\u00f3n penal contra Caballero Aguilar, turn\u00e1ndolo ante el Juez Primero de Distrito, quien dict\u00f3 la sentencia dentro de la causa penal 19\/2008.En consecuencia, el hoy procesado cumplir\u00e1 una sentencia condenatoria en el Centro de Readaptaci\u00f3n Social de Yucat\u00e1n.Lo anterior forma parte de las tareas del Gobierno Federal para recuperar la confianza en las instituciones encargadas de procurar la seguridad y la justicia, as\u00ed como la tranquilidad de la ciudadan\u00eda.<b><\/b> <b><\/b>  <\/p>\n","protected":false},"excerpt":{"rendered":"<p>El agente del Ministerio P\u00fablico de la Federaci\u00f3n obtuvo del Juzgado Primero de Distrito en Yucat\u00e1n la sentencia condenatoria de 16 a\u00f1os de prisi\u00f3n y 500 mil d\u00edas de salario<\/p>\n","protected":false},"author":1,"featured_media":0,"comment_status":"open","ping_status":"open","sticky":false,"template":"","format":"standard","meta":{"jetpack_post_was_ever_published":false,"_jetpack_newsletter_access":"","_jetpack_dont_email_post_to_subs":false,"_jetpack_newsletter_tier_id":0,"_jetpack_memberships_contains_paywalled_content":false,"_jetpack_memberships_contains_paid_content":false,"footnotes":"","jetpack_publicize_message":"","jetpack_publicize_feature_enabled":true,"jetpack_social_post_already_shared":false,"jetpack_social_options":{"image_generator_settings":{"template":"highway","default_image_id":0,"font":"","enabled":false},"version":2}},"categories":[3,1,54],"tags":[],"class_list":["post-8578","post","type-post","status-publish","format-standard","hentry","category-portada","category-sin-categoria","category-yucatan"],"jetpack_publicize_connections":[],"jetpack_featured_media_url":"","jetpack_sharing_enabled":true,"jetpack_shortlink":"https:\/\/wp.me\/p6id8p-2em","_links":{"self":[{"href":"https:\/\/formalprision.com\/index.php?rest_route=\/wp\/v2\/posts\/8578","targetHints":{"allow":["GET"]}}],"collection":[{"href":"https:\/\/formalprision.com\/index.php?rest_route=\/wp\/v2\/posts"}],"about":[{"href":"https:\/\/formalprision.com\/index.php?rest_route=\/wp\/v2\/types\/post"}],"author":[{"embeddable":true,"href":"https:\/\/formalprision.com\/index.php?rest_route=\/wp\/v2\/users\/1"}],"replies":[{"embeddable":true,"href":"https:\/\/formalprision.com\/index.php?rest_route=%2Fwp%2Fv2%2Fcomments&post=8578"}],"version-history":[{"count":0,"href":"https:\/\/formalprision.com\/index.php?rest_route=\/wp\/v2\/posts\/8578\/revisions"}],"wp:attachment":[{"href":"https:\/\/formalprision.com\/index.php?rest_route=%2Fwp%2Fv2%2Fmedia&parent=8578"}],"wp:term":[{"taxonomy":"category","embeddable":true,"href":"https:\/\/formalprision.com\/index.php?rest_route=%2Fwp%2Fv2%2Fcategories&post=8578"},{"taxonomy":"post_tag","embeddable":true,"href":"https:\/\/formalprision.com\/index.php?rest_route=%2Fwp%2Fv2%2Ftags&post=8578"}],"curies":[{"name":"wp","href":"https:\/\/api.w.org\/{rel}","templated":true}]}}