{"id":85792,"date":"2021-03-24T08:51:00","date_gmt":"2021-03-24T13:51:00","guid":{"rendered":"http:\/\/formalprision.com\/?p=85792"},"modified":"2021-03-25T11:13:10","modified_gmt":"2021-03-25T16:13:10","slug":"pitbull-mata-a-una-nina-de-un-ano-que-se-acerco-a-su-plato-de-comida","status":"publish","type":"post","link":"https:\/\/formalprision.com\/?p=85792","title":{"rendered":"Pitbull mata a una ni\u00f1a de un a\u00f1o que se acerc\u00f3 a su plato de comida"},"content":{"rendered":"\n<p>En la ciudad de Springfield, en Estados Unidos, un perro atac\u00f3 y mat\u00f3 a una ni\u00f1a de un a\u00f1o de edad, luego de que la peque\u00f1a se acerc\u00f3 al plato de comida del animal.<\/p>\n\n\n\n<p>De acuerdo con un medio local, A\u2019myrikal Hull estaba dando sus primeros pasos por la casa, cuando el perro la atac\u00f3 y mordi\u00f3 su cabeza. En cuesti\u00f3n de minutos, la ni\u00f1a muri\u00f3 a causa de las graves heridas en su cuerpo.<\/p>\n\n\n\n<p><strong>La ni\u00f1a y el perro eran como \u201cmejores amigos\u201d<\/strong><\/p>\n\n\n\n<p>Una fuente cercana a la familia de A\u2019myrikal Hull, asegur\u00f3 que el perro \u201cnunca hab\u00eda atacado antes\u201d a animales o humanos, y, mucho menos, hab\u00eda actuado en contra de la ni\u00f1a; \u201ceran como mejores amigos\u201d, record\u00f3.<\/p>\n\n\n\n<p>Seg\u00fan los hechos narrados, la ni\u00f1a de un a\u00f1o de edad estaba explorando los rincones de la casa, cuando se acerc\u00f3 al plato de comida del perro. Sorpresivamente, el perro -cruza de raza pitbull y patterdale terrier- se abalanz\u00f3 sobre A\u2019myrikal Hull y le mordi\u00f3 la cabeza. \u00abTodos quedamos en shock\u00bb, declar\u00f3 un familiar.<\/p>\n\n\n\n<p>Dos t\u00edos que vieron el ataque, se encargaron de separar al perro de la ni\u00f1a. Pero, pese a los esfuerzos de la familia por llevar a A\u2019myrikal Hull al hospital para ser atendida, la menor muri\u00f3 a causa de las heridas.<\/p>\n\n\n\n<p>La familia realiz\u00f3 el funeral de A\u2019myrikal Hull con una vigilia de velas para hacer homenaje al &#8216;don&#8217; que pose\u00eda la ni\u00f1a: \u00abiluminar toda una habitaci\u00f3n con su sonrisa\u00bb.<\/p>\n\n\n\n<p>Por el momento, el perro est\u00e1 \u00abbajo observaci\u00f3n de rabia\u00bb por el Control de Animales del Condado de Sangamon. Ah\u00ed, los expertos evaluar\u00e1n el comportamiento y estado neurol\u00f3gico del animal para determinar las acciones que se tomar\u00e1n al respecto.<\/p>\n\n\n\n<p><em>Fuente: Noticieros Televisa<\/em><\/p>\n","protected":false},"excerpt":{"rendered":"<p>En la ciudad de Springfield, en Estados Unidos, un perro atac\u00f3 y mat\u00f3 a una ni\u00f1a de un a\u00f1o de edad, luego de que la peque\u00f1a se acerc\u00f3 al plato<\/p>\n","protected":false},"author":2,"featured_media":85794,"comment_status":"open","ping_status":"open","sticky":false,"template":"","format":"standard","meta":{"jetpack_post_was_ever_published":false,"_jetpack_newsletter_access":"","_jetpack_dont_email_post_to_subs":false,"_jetpack_newsletter_tier_id":0,"_jetpack_memberships_contains_paywalled_content":false,"_jetpack_memberships_contains_paid_content":false,"footnotes":"","jetpack_publicize_message":"La ni\u00f1a y el perro eran como 'mejores amigos', aseguran familiares.","jetpack_publicize_feature_enabled":true,"jetpack_social_post_already_shared":true,"jetpack_social_options":{"image_generator_settings":{"template":"highway","default_image_id":0,"font":"","enabled":false},"version":2}},"categories":[23,21,8,1589],"tags":[],"class_list":["post-85792","post","type-post","status-publish","format-standard","has-post-thumbnail","hentry","category-del-mundo","category-nacionales","category-noticias-variadas","category-rotador-inferior"],"jetpack_publicize_connections":[],"jetpack_featured_media_url":"https:\/\/formalprision.com\/wp-content\/uploads\/2021\/03\/it.jpeg","jetpack_sharing_enabled":true,"jetpack_shortlink":"https:\/\/wp.me\/p6id8p-mjK","_links":{"self":[{"href":"https:\/\/formalprision.com\/index.php?rest_route=\/wp\/v2\/posts\/85792","targetHints":{"allow":["GET"]}}],"collection":[{"href":"https:\/\/formalprision.com\/index.php?rest_route=\/wp\/v2\/posts"}],"about":[{"href":"https:\/\/formalprision.com\/index.php?rest_route=\/wp\/v2\/types\/post"}],"author":[{"embeddable":true,"href":"https:\/\/formalprision.com\/index.php?rest_route=\/wp\/v2\/users\/2"}],"replies":[{"embeddable":true,"href":"https:\/\/formalprision.com\/index.php?rest_route=%2Fwp%2Fv2%2Fcomments&post=85792"}],"version-history":[{"count":0,"href":"https:\/\/formalprision.com\/index.php?rest_route=\/wp\/v2\/posts\/85792\/revisions"}],"wp:featuredmedia":[{"embeddable":true,"href":"https:\/\/formalprision.com\/index.php?rest_route=\/wp\/v2\/media\/85794"}],"wp:attachment":[{"href":"https:\/\/formalprision.com\/index.php?rest_route=%2Fwp%2Fv2%2Fmedia&parent=85792"}],"wp:term":[{"taxonomy":"category","embeddable":true,"href":"https:\/\/formalprision.com\/index.php?rest_route=%2Fwp%2Fv2%2Fcategories&post=85792"},{"taxonomy":"post_tag","embeddable":true,"href":"https:\/\/formalprision.com\/index.php?rest_route=%2Fwp%2Fv2%2Ftags&post=85792"}],"curies":[{"name":"wp","href":"https:\/\/api.w.org\/{rel}","templated":true}]}}