{"id":8586,"date":"2011-03-07T03:27:00","date_gmt":"2011-03-07T03:27:00","guid":{"rendered":"http:\/\/formalprision.info\/2011\/03\/07\/saldo-blanco-en-el-centro-en-e\/"},"modified":"2015-06-03T08:58:14","modified_gmt":"2015-06-03T08:58:14","slug":"saldo-blanco-en-el-centro-en-e","status":"publish","type":"post","link":"https:\/\/formalprision.com\/?p=8586","title":{"rendered":"Saldo blanco en el centro en el Carnaval, asegura la polic\u00eda de Ang\u00e9lica Araujo"},"content":{"rendered":"<p><a href=\"http:\/\/4.bp.blogspot.com\/-ZyI3yvzRGQ0\/TXRS-yNqZ-I\/AAAAAAAACzg\/RwDf3WT3kYc\/s1600\/aaaatodotranquilo.jpg\"><img decoding=\"async\" id=\"BLOGGER_PHOTO_ID_5581177076803332066\" style=\"FLOAT: left; MARGIN: 0px 10px 10px 0px; WIDTH: 400px; CURSOR: hand; HEIGHT: 298px\" alt=\"\" src=\"http:\/\/formalprision.com\/wp-content\/uploads\/2011\/03\/aaaatodotranquilo.jpg\" border=\"0\" \/><\/a><\/p>\n<div>La Polic\u00eda Municipal de M\u00e9rida se\u00f1ala en un comunicado que pese a las m\u00e1s 450 mil personas que se congregaron a disfrutar de las fiestas carnestolendas, esa corporaci\u00f3n obtuvo saldo blanco gracias a la vigilancia desplegada en todo el derrotero del desfile.<br \/>El comunicado se\u00f1ala que como parte del operativo de Seguridad P\u00fablica desplegado ante la gran afluencia de meridanos a celebrar el evento Ciudad Carnaval, la corporaci\u00f3n reforz\u00f3 todos los puntos del derrotero con elementos municipales en los cruceros del derrotero as\u00ed como param\u00e9dicos en todo el sector.<br \/>Con el reforzamiento de la seguridad en los principales puntos del derrotero, permiti\u00f3 mantener el control de las personas as\u00ed como evitar que se reporten menores extraviados durante el evento.<br \/>Gracias a esas acciones, indica el reporte de la PMM; concluy\u00f3 el Carnaval con un saldo de cero personas detenidas durante el desfile de los carros aleg\u00f3ricos y comparsas as\u00ed como al terminar los bailes en los diferentes parques de la ciudad.<br \/>Asimismo, el cuerpo de param\u00e9dicos municipales que estuvo en el derrotero atendi\u00f3 a seis personas lesionadas en todo el desfile, destacando entre las principales causas ca\u00eddas y lesiones menores.<br \/>El operativo implementado por la corporaci\u00f3n permiti\u00f3 que pese a los cambios clim\u00e1ticos, el desfile transcurra en completa calma y vigilando la seguridad de quienes estaban disfrutando de las festividades carnestolendas.<\/p>\n<p>Finalmente, la Polic\u00eda Municipal de M\u00e9rida exhorta a la ciudadan\u00eda a mantener disfrutar de las celebraciones en completa calma y conservando el orden as\u00ed como a reportar cualquier il\u00edcito con los agentes municipales desplegados en el primer cuadro de la ciudad o al n\u00famero <a rel=\"nofollow\">9420060<\/a><\/div>\n","protected":false},"excerpt":{"rendered":"<p>La Polic\u00eda Municipal de M\u00e9rida se\u00f1ala en un comunicado que pese a las m\u00e1s 450 mil personas que se congregaron a disfrutar de las fiestas carnestolendas, esa corporaci\u00f3n obtuvo saldo<\/p>\n","protected":false},"author":1,"featured_media":27118,"comment_status":"open","ping_status":"open","sticky":false,"template":"","format":"standard","meta":{"jetpack_post_was_ever_published":false,"_jetpack_newsletter_access":"","_jetpack_dont_email_post_to_subs":false,"_jetpack_newsletter_tier_id":0,"_jetpack_memberships_contains_paywalled_content":false,"_jetpack_memberships_contains_paid_content":false,"footnotes":"","jetpack_publicize_message":"","jetpack_publicize_feature_enabled":true,"jetpack_social_post_already_shared":false,"jetpack_social_options":{"image_generator_settings":{"template":"highway","default_image_id":0,"font":"","enabled":false},"version":2}},"categories":[3,1,49],"tags":[],"class_list":["post-8586","post","type-post","status-publish","format-standard","has-post-thumbnail","hentry","category-portada","category-sin-categoria","category-tocho-morocho"],"jetpack_publicize_connections":[],"jetpack_featured_media_url":"https:\/\/formalprision.com\/wp-content\/uploads\/2011\/03\/aaaatodotranquilo.jpg","jetpack_sharing_enabled":true,"jetpack_shortlink":"https:\/\/wp.me\/p6id8p-2eu","_links":{"self":[{"href":"https:\/\/formalprision.com\/index.php?rest_route=\/wp\/v2\/posts\/8586","targetHints":{"allow":["GET"]}}],"collection":[{"href":"https:\/\/formalprision.com\/index.php?rest_route=\/wp\/v2\/posts"}],"about":[{"href":"https:\/\/formalprision.com\/index.php?rest_route=\/wp\/v2\/types\/post"}],"author":[{"embeddable":true,"href":"https:\/\/formalprision.com\/index.php?rest_route=\/wp\/v2\/users\/1"}],"replies":[{"embeddable":true,"href":"https:\/\/formalprision.com\/index.php?rest_route=%2Fwp%2Fv2%2Fcomments&post=8586"}],"version-history":[{"count":0,"href":"https:\/\/formalprision.com\/index.php?rest_route=\/wp\/v2\/posts\/8586\/revisions"}],"wp:featuredmedia":[{"embeddable":true,"href":"https:\/\/formalprision.com\/index.php?rest_route=\/wp\/v2\/media\/27118"}],"wp:attachment":[{"href":"https:\/\/formalprision.com\/index.php?rest_route=%2Fwp%2Fv2%2Fmedia&parent=8586"}],"wp:term":[{"taxonomy":"category","embeddable":true,"href":"https:\/\/formalprision.com\/index.php?rest_route=%2Fwp%2Fv2%2Fcategories&post=8586"},{"taxonomy":"post_tag","embeddable":true,"href":"https:\/\/formalprision.com\/index.php?rest_route=%2Fwp%2Fv2%2Ftags&post=8586"}],"curies":[{"name":"wp","href":"https:\/\/api.w.org\/{rel}","templated":true}]}}