{"id":8590,"date":"2011-03-05T18:41:00","date_gmt":"2011-03-05T18:41:00","guid":{"rendered":"http:\/\/formalprision.info\/2011\/03\/05\/carro-alegorico-causa-destrozos-durante\/"},"modified":"2015-06-03T08:58:14","modified_gmt":"2015-06-03T08:58:14","slug":"carro-alegorico-causa-destrozos-durante","status":"publish","type":"post","link":"https:\/\/formalprision.com\/?p=8590","title":{"rendered":"Carro aleg\u00f3rico causa destrozos durante el paseo de carnaval en Progreso"},"content":{"rendered":"<p><a href=\"http:\/\/4.bp.blogspot.com\/-gsr0b0-bzBw\/TXJ24eom24I\/AAAAAAAACzA\/ojdV7_Cbwmg\/s1600\/imagen3%255B1%255D.jpg\"><img decoding=\"async\" id=\"BLOGGER_PHOTO_ID_5580653600933600130\" style=\"FLOAT: left; MARGIN: 0px 10px 10px 0px; WIDTH: 400px; CURSOR: hand; HEIGHT: 321px\" alt=\"\" src=\"http:\/\/formalprision.com\/wp-content\/uploads\/2011\/03\/imagen3%5B1%5D.jpg\" border=\"0\" \/><\/a><\/p>\n<div>El paseo de carnaval de ayer en Progreso termin\u00f3 mal  luego de que se registr\u00f3 un accidente con uno de los carros aleg\u00f3ricos.<\/div>\n<p><\/p>\n<div>Varios cables arrancados, un carro aleg\u00f3rico da\u00f1ado, y una acometida el\u00e9ctrica rota en un predio de la calle 37, entre 70 y 72, fue el saldod e este aparatoso accidente.<\/div>\n<p><\/p>\n<div>El accidente ocurri\u00f3 porque el personal de Protecci\u00f3n Civil no levant\u00f3 los cables al momento de pasar el carro aleg\u00f3rico a pesar que llevaban \u00abhorquetas\u00bb para librar los cables de tel\u00e9fonos y del alumbrado dom\u00e9stico.<\/div>\n<p><\/p>\n<div>La cabeza del carro aleg\u00f3rico de los reyes de Chicxulub Puerto se enganch\u00f3 con varios cables y arranc\u00f3 por completo el poste de la acometida del humilde predio de la se\u00f1ora Angela Poot.<\/div>\n<p><\/p>\n<div>Varios vecinos se quejaron de la negligencia y del peligro que represent\u00f3 al momento del accidente. (informaci\u00f3ntomada delportal Progresohoy.com)<\/div>\n","protected":false},"excerpt":{"rendered":"<p>El paseo de carnaval de ayer en Progreso termin\u00f3 mal luego de que se registr\u00f3 un accidente con uno de los carros aleg\u00f3ricos. Varios cables arrancados, un carro aleg\u00f3rico da\u00f1ado,<\/p>\n","protected":false},"author":1,"featured_media":27125,"comment_status":"open","ping_status":"open","sticky":false,"template":"","format":"standard","meta":{"jetpack_post_was_ever_published":false,"_jetpack_newsletter_access":"","_jetpack_dont_email_post_to_subs":false,"_jetpack_newsletter_tier_id":0,"_jetpack_memberships_contains_paywalled_content":false,"_jetpack_memberships_contains_paid_content":false,"footnotes":"","jetpack_publicize_message":"","jetpack_publicize_feature_enabled":true,"jetpack_social_post_already_shared":false,"jetpack_social_options":{"image_generator_settings":{"template":"highway","default_image_id":0,"font":"","enabled":false},"version":2}},"categories":[60,50,3,1],"tags":[],"class_list":["post-8590","post","type-post","status-publish","format-standard","has-post-thumbnail","hentry","category-cafres","category-machines","category-portada","category-sin-categoria"],"jetpack_publicize_connections":[],"jetpack_featured_media_url":"https:\/\/formalprision.com\/wp-content\/uploads\/2011\/03\/imagen3%5B1%5D.jpg","jetpack_sharing_enabled":true,"jetpack_shortlink":"https:\/\/wp.me\/p6id8p-2ey","_links":{"self":[{"href":"https:\/\/formalprision.com\/index.php?rest_route=\/wp\/v2\/posts\/8590","targetHints":{"allow":["GET"]}}],"collection":[{"href":"https:\/\/formalprision.com\/index.php?rest_route=\/wp\/v2\/posts"}],"about":[{"href":"https:\/\/formalprision.com\/index.php?rest_route=\/wp\/v2\/types\/post"}],"author":[{"embeddable":true,"href":"https:\/\/formalprision.com\/index.php?rest_route=\/wp\/v2\/users\/1"}],"replies":[{"embeddable":true,"href":"https:\/\/formalprision.com\/index.php?rest_route=%2Fwp%2Fv2%2Fcomments&post=8590"}],"version-history":[{"count":0,"href":"https:\/\/formalprision.com\/index.php?rest_route=\/wp\/v2\/posts\/8590\/revisions"}],"wp:featuredmedia":[{"embeddable":true,"href":"https:\/\/formalprision.com\/index.php?rest_route=\/wp\/v2\/media\/27125"}],"wp:attachment":[{"href":"https:\/\/formalprision.com\/index.php?rest_route=%2Fwp%2Fv2%2Fmedia&parent=8590"}],"wp:term":[{"taxonomy":"category","embeddable":true,"href":"https:\/\/formalprision.com\/index.php?rest_route=%2Fwp%2Fv2%2Fcategories&post=8590"},{"taxonomy":"post_tag","embeddable":true,"href":"https:\/\/formalprision.com\/index.php?rest_route=%2Fwp%2Fv2%2Ftags&post=8590"}],"curies":[{"name":"wp","href":"https:\/\/api.w.org\/{rel}","templated":true}]}}