{"id":8591,"date":"2011-03-05T17:34:00","date_gmt":"2011-03-05T17:34:00","guid":{"rendered":"http:\/\/formalprision.info\/2011\/03\/05\/decomisan-30-kilos-de-cocaina-en-e\/"},"modified":"2015-06-03T08:58:14","modified_gmt":"2015-06-03T08:58:14","slug":"decomisan-30-kilos-de-cocaina-en-e","status":"publish","type":"post","link":"https:\/\/formalprision.com\/?p=8591","title":{"rendered":"Decomisan 30 kilos de coca\u00edna en el aeropuerto de Canc\u00fan"},"content":{"rendered":"<p><a href=\"http:\/\/1.bp.blogspot.com\/-b0PxVyY0sjo\/TXJ1HS6feVI\/AAAAAAAACy4\/0J-7m2Jxuac\/s1600\/images%255B3%255D.jpg\"><img decoding=\"async\" id=\"BLOGGER_PHOTO_ID_5580651656462170450\" style=\"FLOAT: left; MARGIN: 0px 10px 10px 0px; WIDTH: 122px; CURSOR: hand; HEIGHT: 89px\" alt=\"\" src=\"http:\/\/formalprision.com\/wp-content\/uploads\/2011\/03\/images%5B3%5D.jpg\" border=\"0\" \/><\/a><\/p>\n<div>La Secretar\u00eda de la Defensa Nacional, a trav\u00e9s de la Comandancia de la 34\/a. Zona Militar, informa personal militar destacamentado en el aeropuerto Internacional de la ciudad de Canc\u00fan, Q. Roo, al realizar una inspecci\u00f3n de rutina en el \u00e1rea de carga de una aeronave comercial, procedente de Rep\u00fablica Dominicana, asegur\u00f3 una caja con 30 paquetes envueltos en cinta canela conteniendo en su interior coca\u00edna, haciendo un peso aproximado de 29.6093 kilogramos.<br \/>La droga asegurada, fue puesta a disposici\u00f3n del Agente del Ministerio P\u00fablico Federal de Canc\u00fan, Q. Roo, para el deslinde de responsabilidades.<br \/>De acuerdo con un comunicado de la Sedena, estas acciones que realiza el personal militar, son con estricto apego al estado de derecho y con plena observancia de las garant\u00edas individuales, contribuyendo con ello a garantizar el clima de bienestar y paz social que demanda el pueblo de M\u00e9xico y la sociedad Quintanarroense<\/div>\n","protected":false},"excerpt":{"rendered":"<p>La Secretar\u00eda de la Defensa Nacional, a trav\u00e9s de la Comandancia de la 34\/a. Zona Militar, informa personal militar destacamentado en el aeropuerto Internacional de la ciudad de Canc\u00fan, Q.<\/p>\n","protected":false},"author":1,"featured_media":27127,"comment_status":"open","ping_status":"open","sticky":false,"template":"","format":"standard","meta":{"jetpack_post_was_ever_published":false,"_jetpack_newsletter_access":"","_jetpack_dont_email_post_to_subs":false,"_jetpack_newsletter_tier_id":0,"_jetpack_memberships_contains_paywalled_content":false,"_jetpack_memberships_contains_paid_content":false,"footnotes":"","jetpack_publicize_message":"","jetpack_publicize_feature_enabled":true,"jetpack_social_post_already_shared":false,"jetpack_social_options":{"image_generator_settings":{"template":"highway","default_image_id":0,"font":"","enabled":false},"version":2}},"categories":[47,3,1],"tags":[],"class_list":["post-8591","post","type-post","status-publish","format-standard","has-post-thumbnail","hentry","category-narcos","category-portada","category-sin-categoria"],"jetpack_publicize_connections":[],"jetpack_featured_media_url":"https:\/\/formalprision.com\/wp-content\/uploads\/2011\/03\/images%5B3%5D.jpg","jetpack_sharing_enabled":true,"jetpack_shortlink":"https:\/\/wp.me\/p6id8p-2ez","_links":{"self":[{"href":"https:\/\/formalprision.com\/index.php?rest_route=\/wp\/v2\/posts\/8591","targetHints":{"allow":["GET"]}}],"collection":[{"href":"https:\/\/formalprision.com\/index.php?rest_route=\/wp\/v2\/posts"}],"about":[{"href":"https:\/\/formalprision.com\/index.php?rest_route=\/wp\/v2\/types\/post"}],"author":[{"embeddable":true,"href":"https:\/\/formalprision.com\/index.php?rest_route=\/wp\/v2\/users\/1"}],"replies":[{"embeddable":true,"href":"https:\/\/formalprision.com\/index.php?rest_route=%2Fwp%2Fv2%2Fcomments&post=8591"}],"version-history":[{"count":0,"href":"https:\/\/formalprision.com\/index.php?rest_route=\/wp\/v2\/posts\/8591\/revisions"}],"wp:featuredmedia":[{"embeddable":true,"href":"https:\/\/formalprision.com\/index.php?rest_route=\/wp\/v2\/media\/27127"}],"wp:attachment":[{"href":"https:\/\/formalprision.com\/index.php?rest_route=%2Fwp%2Fv2%2Fmedia&parent=8591"}],"wp:term":[{"taxonomy":"category","embeddable":true,"href":"https:\/\/formalprision.com\/index.php?rest_route=%2Fwp%2Fv2%2Fcategories&post=8591"},{"taxonomy":"post_tag","embeddable":true,"href":"https:\/\/formalprision.com\/index.php?rest_route=%2Fwp%2Fv2%2Ftags&post=8591"}],"curies":[{"name":"wp","href":"https:\/\/api.w.org\/{rel}","templated":true}]}}