{"id":85933,"date":"2021-03-29T09:38:03","date_gmt":"2021-03-29T14:38:03","guid":{"rendered":"http:\/\/formalprision.com\/?p=85933"},"modified":"2021-03-30T01:27:04","modified_gmt":"2021-03-30T06:27:04","slug":"sin-contratiempos-acercan-paraderos-de-autobuses-en-el-centro-de-merida","status":"publish","type":"post","link":"https:\/\/formalprision.com\/?p=85933","title":{"rendered":"Sin contratiempos, acercan paraderos de autobuses en el centro de M\u00e9rida"},"content":{"rendered":"\n<p>Sin mayores inconvenientes y con toda normalidad, este lunes comenzaron a funcionar las nuevas zonas de ascenso y descenso en el Centro Hist\u00f3rico de M\u00e9rida de algunas rutas del transporte p\u00fablico que cubren las zonas norte, oriente y poniente de la ciudad, las cuales fueron reubicadas para acercarlas m\u00e1s a este punto, con el objetivo de reducir los tiempos de traslado y dar mayor fluidez en el tr\u00e1nsito.<\/p>\n\n\n\n<p>Desde temprana hora, usuarios del servicio comenzaron abordar los autobuses que los llevaron a sus respectivos destinos en los paraderos que fueron reubicados, quienes comentaron que no tuvieron mayores problemas para encontrar las nuevas \u00e1reas donde paran los camiones, pues el Gobierno del Estado inform\u00f3 de manera anticipada de estos cambios.<\/p>\n\n\n\n<p>Cabe mencionar que estas reubicaciones forman parte de las adecuaciones al Plan de Mejora a la Movilidad Urbana en el Centro hist\u00f3rico meridano, resultado del trabajo coordinado entre el Gobierno estatal, el Ayuntamiento de M\u00e9rida y la C\u00e1mara Nacional de Comercio, Servicios y Turismo (Canaco Servytur) de M\u00e9rida durante las mesas de evaluaci\u00f3n con la finalidad de beneficiar la econom\u00eda, sin exponer la salud de quienes acuden a esta zona de la capital yucateca.<\/p>\n\n\n\n<p>Hay que se\u00f1alar que, dentro de las mejoras que se estar\u00e1n llevando a cabo a este Plan, resultado de la coordinaci\u00f3n y di\u00e1logo con la Canaco Servytur M\u00e9rida, tambi\u00e9n destacan mejoramientos en las \u00e1reas de carga y descarga y modificaciones en los horarios para realizar estas tareas en este punto de la ciudad, entre otros acuerdos.<\/p>\n\n\n\n<p>Al iniciar la jornada de este d\u00eda, los pasajeros del transporte p\u00fablico tambi\u00e9n hicieron uso de los dispensadores de gel antibacterial que ya se encuentran funcionando en m\u00e1s de 600 unidades que cubren las diferentes rutas de M\u00e9rida y la zona metropolitana, como parte de las acciones que el Gobierno del Estado realiza para continuar protegiendo la salud de los usuarios ante la pandemia del Coronavirus.<\/p>\n\n\n\n<p>Tambi\u00e9n se pudo observar la presencia de personal del Gobierno Estatal, identificado con chalecos verdes, quienes proporcionan informaci\u00f3n a los usuarios y reparten gel antibacterial, tarea que se complementa con el apoyo de choferes de camiones e inspectores del Instituto de Movilidad y Desarrollo Urbano Territorial (Imdut) para agilizar y hacer m\u00e1s eficiente el uso del transporte p\u00fablico.<\/p>\n\n\n\n<p>Al opinar sobre estas adecuaciones en los paraderos del transporte p\u00fablico en el Centro Hist\u00f3rico, Carmen P\u00e9rez Jim\u00e9nez, originaria del municipio de Um\u00e1n, asegur\u00f3 que estas nuevas ubicaciones de las zonas de ascenso y descenso son muy buenas ya que contribuyen a reducir los tiempos de traslado.<\/p>\n\n\n\n<p>\u201cAntes ten\u00edamos que salir m\u00e1s temprano para llegar a nuestros destinos y con esta reubicaci\u00f3n nos tomar\u00e1 menos tiempo y a m\u00ed me beneficia y ayuda much\u00edsimo. Creo que ahora me voy a ahorrar por lo menos 20 minutos de recorrido\u201d, asever\u00f3 la mujer de 48 a\u00f1os de edad.<\/p>\n\n\n\n<p>P\u00e9rez Jim\u00e9nez reconoci\u00f3 que las medidas que ha promovido el Gobierno estatal contribuyen para beneficio de los usuarios del transporte p\u00fablico y de la salud, medidas que asegur\u00f3 han ayudado para que no nos contagiemos de Coronavirus, quienes a diario tenemos que hacer uso del transporte p\u00fablico para ir a trabajar.<\/p>\n\n\n\n<p>Respecto a la implementaci\u00f3n de dispensadores de gel antibacterial en los camiones, Carmen expres\u00f3 que es una buena medida que contribuir\u00e1 para su bienestar y el del resto de las personas que usan el servicio. \u201cAs\u00ed me cuido yo, se cuidan los otros y nos cuidamos entre todos. Creo que al acercar los paraderos el Gobierno est\u00e1 haciendo algo para ayudar a los que usamos los camiones y combis todos los d\u00edas. En mi caso, se lo repito, me<br>beneficia bastante\u201d.<\/p>\n\n\n\n<p>Por otro lado, Paulina Maga\u00f1a Ruiz, quien tambi\u00e9n aborda su cami\u00f3n en el Centro Hist\u00f3rico de M\u00e9rida, detall\u00f3 que estas nuevas modificaciones a las zonas de ascenso y descenso ayudan a reducir sus tiempos de traslado y de espera, por lo que significa que el Gobierno del Estado escucha las solicitudes de quienes a diario usamos el cami\u00f3n.<\/p>\n\n\n\n<p>Antes de continuar con su recorrido para abordar el \u00faltimo cami\u00f3n que la lleva a su centro laboral, la mujer de 37 a\u00f1os de edad mencion\u00f3 que estas adecuaciones son efectivas y a\u00f1adi\u00f3 que tambi\u00e9n es muy positivo que se hayan colocado dispensadores de gel antibacterial en los camiones porque ya se ha convertido en una pr\u00e1ctica cotidiana, como el uso de cubrebocas y la sana distancia para cuidar nuestra salud.<\/p>\n","protected":false},"excerpt":{"rendered":"<p>Sin mayores inconvenientes y con toda normalidad, este lunes comenzaron a funcionar las nuevas zonas de ascenso y descenso en el Centro Hist\u00f3rico de M\u00e9rida de algunas rutas del transporte<\/p>\n","protected":false},"author":2,"featured_media":85935,"comment_status":"open","ping_status":"open","sticky":false,"template":"","format":"standard","meta":{"jetpack_post_was_ever_published":false,"_jetpack_newsletter_access":"","_jetpack_dont_email_post_to_subs":false,"_jetpack_newsletter_tier_id":0,"_jetpack_memberships_contains_paywalled_content":false,"_jetpack_memberships_contains_paid_content":false,"footnotes":"","jetpack_publicize_message":"Sin inconvenientes, comenzaron a funcionar los paraderos del transporte p\u00fablico que fueron acercados.","jetpack_publicize_feature_enabled":true,"jetpack_social_post_already_shared":true,"jetpack_social_options":{"image_generator_settings":{"template":"highway","default_image_id":0,"font":"","enabled":false},"version":2}},"categories":[14],"tags":[],"class_list":["post-85933","post","type-post","status-publish","format-standard","has-post-thumbnail","hentry","category-merida"],"jetpack_publicize_connections":[],"jetpack_featured_media_url":"https:\/\/formalprision.com\/wp-content\/uploads\/2021\/03\/image00007-10.jpeg","jetpack_sharing_enabled":true,"jetpack_shortlink":"https:\/\/wp.me\/p6id8p-mm1","_links":{"self":[{"href":"https:\/\/formalprision.com\/index.php?rest_route=\/wp\/v2\/posts\/85933","targetHints":{"allow":["GET"]}}],"collection":[{"href":"https:\/\/formalprision.com\/index.php?rest_route=\/wp\/v2\/posts"}],"about":[{"href":"https:\/\/formalprision.com\/index.php?rest_route=\/wp\/v2\/types\/post"}],"author":[{"embeddable":true,"href":"https:\/\/formalprision.com\/index.php?rest_route=\/wp\/v2\/users\/2"}],"replies":[{"embeddable":true,"href":"https:\/\/formalprision.com\/index.php?rest_route=%2Fwp%2Fv2%2Fcomments&post=85933"}],"version-history":[{"count":0,"href":"https:\/\/formalprision.com\/index.php?rest_route=\/wp\/v2\/posts\/85933\/revisions"}],"wp:featuredmedia":[{"embeddable":true,"href":"https:\/\/formalprision.com\/index.php?rest_route=\/wp\/v2\/media\/85935"}],"wp:attachment":[{"href":"https:\/\/formalprision.com\/index.php?rest_route=%2Fwp%2Fv2%2Fmedia&parent=85933"}],"wp:term":[{"taxonomy":"category","embeddable":true,"href":"https:\/\/formalprision.com\/index.php?rest_route=%2Fwp%2Fv2%2Fcategories&post=85933"},{"taxonomy":"post_tag","embeddable":true,"href":"https:\/\/formalprision.com\/index.php?rest_route=%2Fwp%2Fv2%2Ftags&post=85933"}],"curies":[{"name":"wp","href":"https:\/\/api.w.org\/{rel}","templated":true}]}}