{"id":85944,"date":"2021-03-29T20:16:40","date_gmt":"2021-03-30T01:16:40","guid":{"rendered":"http:\/\/formalprision.com\/?p=85944"},"modified":"2021-03-29T20:16:40","modified_gmt":"2021-03-30T01:16:40","slug":"manuelita-quiere-ser-diputada-en-yucatan","status":"publish","type":"post","link":"https:\/\/formalprision.com\/?p=85944","title":{"rendered":"\u00abManuelita\u00bb quiere ser diputada en Yucat\u00e1n"},"content":{"rendered":"\n<p>La ma\u00f1ana de \u00e9ste lunes, Manuela Cocom Bolio, llevo al cabo su registro ante el Consejo Municipal de Kanas\u00edn como candidata a diputada por el sexto distrito local por el Partido Acci\u00f3n Nacional (PAN) para el presente periodo electoral.<\/p>\n\n\n\n<p>Pasadas las once de la ma\u00f1ana, Manuelita, como es mejor conocida, ingres\u00f3 a las oficinas del Consejo Distrital VI del Instituto Electoral y de Participaci\u00f3n Ciudadana de Yucat\u00e1n (IEPAC) donde present\u00f3 su carta de intenci\u00f3n al Consejo Distrital junto con su suplente Mildred Chan Sabido.<\/p>\n\n\n\n<p>Leal a sus principios y convicciones, asegur\u00f3 sumarse a la lucha que por a\u00f1os ha llevado al cabo en cada una de las instancias y cargos que ha desempe\u00f1ado en su larga trayectoria pol\u00edtica, representando y d\u00e1ndole voz a todos los ciudadanos.<\/p>\n\n\n\n<p>Cocom Bolio destac\u00f3 que sus propuestas ser\u00e1n dadas a conocer el 9 de abril como la ley lo estipula, pero recalc\u00f3 que su proyecto est\u00e1 por encima de las aspiraciones personales.<\/p>\n\n\n\n<p>Tambi\u00e9n estuvo acompa\u00f1ada de Edwin Boj\u00f3rquez, Diego Cardos, Sof\u00eda Cauich, Jaqueline Uicab, Manuel Navarrete, Reina Pam y Marisa Salazar.<\/p>\n\n\n\n<p>Es importante se\u00f1alar que el VI distrito electoral, tiene como cabecera Kanas\u00edn; y est\u00e1 conformado por Acanceh, Sey\u00e9, Timucuy y Tixp\u00e9ual.<\/p>\n","protected":false},"excerpt":{"rendered":"<p>La ma\u00f1ana de \u00e9ste lunes, Manuela Cocom Bolio, llevo al cabo su registro ante el Consejo Municipal de Kanas\u00edn como candidata a diputada por el sexto distrito local por el<\/p>\n","protected":false},"author":1,"featured_media":85945,"comment_status":"open","ping_status":"open","sticky":false,"template":"","format":"standard","meta":{"jetpack_post_was_ever_published":false,"_jetpack_newsletter_access":"","_jetpack_dont_email_post_to_subs":false,"_jetpack_newsletter_tier_id":0,"_jetpack_memberships_contains_paywalled_content":false,"_jetpack_memberships_contains_paid_content":false,"footnotes":"","jetpack_publicize_message":"Manuela Cocom Bolio se inscribi\u00f3 por el VI distrito local por el PAN. Tiene como cabecera Kanas\u00edn; y est\u00e1 conformado por Acanceh, Sey\u00e9, Timucuy y Tixp\u00e9ual.","jetpack_publicize_feature_enabled":true,"jetpack_social_post_already_shared":true,"jetpack_social_options":{"image_generator_settings":{"template":"highway","default_image_id":0,"font":"","enabled":false},"version":2}},"categories":[17],"tags":[],"class_list":["post-85944","post","type-post","status-publish","format-standard","has-post-thumbnail","hentry","category-politica-y-gobierno"],"jetpack_publicize_connections":[],"jetpack_featured_media_url":"https:\/\/formalprision.com\/wp-content\/uploads\/2021\/03\/WhatsApp-Image-2021-03-29-at-3.01.11-PM-3.jpeg","jetpack_sharing_enabled":true,"jetpack_shortlink":"https:\/\/wp.me\/p6id8p-mmc","_links":{"self":[{"href":"https:\/\/formalprision.com\/index.php?rest_route=\/wp\/v2\/posts\/85944","targetHints":{"allow":["GET"]}}],"collection":[{"href":"https:\/\/formalprision.com\/index.php?rest_route=\/wp\/v2\/posts"}],"about":[{"href":"https:\/\/formalprision.com\/index.php?rest_route=\/wp\/v2\/types\/post"}],"author":[{"embeddable":true,"href":"https:\/\/formalprision.com\/index.php?rest_route=\/wp\/v2\/users\/1"}],"replies":[{"embeddable":true,"href":"https:\/\/formalprision.com\/index.php?rest_route=%2Fwp%2Fv2%2Fcomments&post=85944"}],"version-history":[{"count":0,"href":"https:\/\/formalprision.com\/index.php?rest_route=\/wp\/v2\/posts\/85944\/revisions"}],"wp:featuredmedia":[{"embeddable":true,"href":"https:\/\/formalprision.com\/index.php?rest_route=\/wp\/v2\/media\/85945"}],"wp:attachment":[{"href":"https:\/\/formalprision.com\/index.php?rest_route=%2Fwp%2Fv2%2Fmedia&parent=85944"}],"wp:term":[{"taxonomy":"category","embeddable":true,"href":"https:\/\/formalprision.com\/index.php?rest_route=%2Fwp%2Fv2%2Fcategories&post=85944"},{"taxonomy":"post_tag","embeddable":true,"href":"https:\/\/formalprision.com\/index.php?rest_route=%2Fwp%2Fv2%2Ftags&post=85944"}],"curies":[{"name":"wp","href":"https:\/\/api.w.org\/{rel}","templated":true}]}}