{"id":85953,"date":"2021-03-29T21:57:45","date_gmt":"2021-03-30T02:57:45","guid":{"rendered":"http:\/\/formalprision.com\/?p=85953"},"modified":"2021-03-30T12:22:18","modified_gmt":"2021-03-30T17:22:18","slug":"inicio-de-semana-santa-con-siete-fallecidos-y-50-contagios-de-covid-19-en-yucatan","status":"publish","type":"post","link":"https:\/\/formalprision.com\/?p=85953","title":{"rendered":"Inicio de Semana Santa con siete fallecidos y 50 contagios de Covid-19 en Yucat\u00e1n"},"content":{"rendered":"\n<p>La Secretar\u00eda de Salud de Yucat\u00e1n informa que este lunes se confirmaron siete fallecidos y 50 nuevos contagios de Covid-19 en el estado.<\/p>\n\n\n\n<p>En el panorama general, hasta hoy suman 34,874 contagios desde que lleg\u00f3 la pandemia al estado, el 13 de marzo de 2020.<\/p>\n\n\n\n<p>Igual se reportan 30,484 pacientes recuperados y 3,773 fallecidos.<\/p>\n\n\n\n<p>Este es el parte m\u00e9dico del lunes 29 de marzo:.<\/p>\n\n\n\n<p>30,484 pacientes ya se recuperaron: no presentan s\u00edntomas ni pueden contagiar. Esta cifra representa el 87% del total de contagios registrados, que es 34,874.<\/p>\n\n\n\n<figure class=\"wp-block-image size-large\"><a href=\"http:\/\/formalprision.com\/wp-content\/uploads\/2021\/03\/1900f986-75f3-4e8f-bd4f-7f162d6d2f61.jpg\"><img loading=\"lazy\" decoding=\"async\" width=\"800\" height=\"569\" src=\"http:\/\/formalprision.com\/wp-content\/uploads\/2021\/03\/1900f986-75f3-4e8f-bd4f-7f162d6d2f61.jpg\" alt=\"\" class=\"wp-image-85958\" srcset=\"https:\/\/formalprision.com\/wp-content\/uploads\/2021\/03\/1900f986-75f3-4e8f-bd4f-7f162d6d2f61.jpg 800w, https:\/\/formalprision.com\/wp-content\/uploads\/2021\/03\/1900f986-75f3-4e8f-bd4f-7f162d6d2f61-300x213.jpg 300w, https:\/\/formalprision.com\/wp-content\/uploads\/2021\/03\/1900f986-75f3-4e8f-bd4f-7f162d6d2f61-768x546.jpg 768w\" sizes=\"auto, (max-width: 800px) 100vw, 800px\" \/><\/a><\/figure>\n\n\n\n<p>Hoy se detectaron 50 nuevos contagios de Coronavirus:<\/p>\n\n\n\n<p>43 en M\u00e9rida,<\/p>\n\n\n\n<p>3 en Kanas\u00edn,<\/p>\n\n\n\n<p>y 1 en Baca, Progreso, Ticul y Yaxkukul.<\/p>\n\n\n\n<p>De los 34,874 casos positivos, 281 son de otro pa\u00eds u otro estado.<\/p>\n\n\n\n<p>Espec\u00edficamente, en M\u00e9rida se han diagnosticado 21,723 personas contagiadas de Coronavirus (casos acumulados al 28 de marzo), que viven en:&nbsp;<\/p>\n\n\n\n<p>6,174 en la zona Norte&nbsp;<\/p>\n\n\n\n<p>5,775 en la zona Oriente<\/p>\n\n\n\n<p>2,061 en la zona Centro<\/p>\n\n\n\n<p>2,998 en la zona Sur<\/p>\n\n\n\n<p>4,715 en la zona Poniente<\/p>\n\n\n\n<figure class=\"wp-block-image size-large\"><a href=\"http:\/\/formalprision.com\/wp-content\/uploads\/2021\/03\/0b842100-a26e-4051-be65-9ce50f107726.jpg\"><img loading=\"lazy\" decoding=\"async\" width=\"800\" height=\"539\" src=\"http:\/\/formalprision.com\/wp-content\/uploads\/2021\/03\/0b842100-a26e-4051-be65-9ce50f107726.jpg\" alt=\"\" class=\"wp-image-85957\" srcset=\"https:\/\/formalprision.com\/wp-content\/uploads\/2021\/03\/0b842100-a26e-4051-be65-9ce50f107726.jpg 800w, https:\/\/formalprision.com\/wp-content\/uploads\/2021\/03\/0b842100-a26e-4051-be65-9ce50f107726-300x202.jpg 300w, https:\/\/formalprision.com\/wp-content\/uploads\/2021\/03\/0b842100-a26e-4051-be65-9ce50f107726-768x517.jpg 768w\" sizes=\"auto, (max-width: 800px) 100vw, 800px\" \/><\/a><\/figure>\n\n\n\n<p>Lamentablemente, en este parte m\u00e9dico informamos de 7 fallecimientos:<\/p>\n\n\n\n<p>1.- Masculino 64 a\u00f1os de M\u00e9rida DM\/HAS\/IRC<\/p>\n\n\n\n<p>2.- Masculino 93 a\u00f1os de Ticul HAS\/Enfermedad cardiovascular<\/p>\n\n\n\n<p>3.- Masculino 59 a\u00f1os de M\u00e9rida HAS\/Enfermedad cardiovascular<\/p>\n\n\n\n<p>4.- Masculino 78 a\u00f1os de M\u00e9rida Sin comorbilidades<\/p>\n\n\n\n<p>5.- Masculino 73 a\u00f1os de M\u00e9rida HAS<\/p>\n\n\n\n<p>6.- Femenino 66 a\u00f1os de M\u00e9rida HAS\/Obesidad<\/p>\n\n\n\n<p>7.- Masculino 43 a\u00f1os de M\u00e9rida HAS\/DM<\/p>\n\n\n\n<p>Siglas: HIPERTENSI\u00d3N ARTERIAL SIST\u00c9MICA (HAS), DIABETES MELLITUS (DM) e INSUFICIENCIA RENAL CR\u00d3NICA (IRC).<\/p>\n\n\n\n<p>En total, son 3,773 las personas fallecidas a causa del Coronavirus.<\/p>\n\n\n\n<p>De los casos activos, 409 est\u00e1n estables, aislados, monitoreados constantemente por personal m\u00e9dico de la SSY; presentan s\u00edntomas leves.<\/p>\n\n\n\n<p>Como ya mencionamos, 208 de los casos positivos est\u00e1n en hospitales p\u00fablicos y en aislamiento total. Hay otros pacientes a la espera de diagn\u00f3stico.<\/p>\n\n\n\n<p>El rango de edad de los casos es de 1 mes a 99 a\u00f1os.<\/p>\n\n\n\n<p>LOS INDICADORES SEMANALES DE NUESTRO SEM\u00c1FORO ESTATAL DE SALUD MARCAN COLOR NARANJA.<\/p>\n\n\n\n<p>COMO HEMOS INFORMADO, EL SEM\u00c1FORO ESTATAL DE SALUD SE VA A DAR A CONOCER CADA 15 D\u00cdAS CON LA FINALIDAD DE HOMOLOGAR FECHAS DE PRESENTACI\u00d3N CON EL SEM\u00c1FORO QUINCENAL DEL GOBIERNO FEDERAL.<\/p>\n","protected":false},"excerpt":{"rendered":"<p>La Secretar\u00eda de Salud de Yucat\u00e1n informa que este lunes se confirmaron siete fallecidos y 50 nuevos contagios de Covid-19 en el estado. En el panorama general, hasta hoy suman<\/p>\n","protected":false},"author":2,"featured_media":85956,"comment_status":"open","ping_status":"open","sticky":false,"template":"","format":"standard","meta":{"jetpack_post_was_ever_published":false,"_jetpack_newsletter_access":"","_jetpack_dont_email_post_to_subs":false,"_jetpack_newsletter_tier_id":0,"_jetpack_memberships_contains_paywalled_content":false,"_jetpack_memberships_contains_paid_content":false,"footnotes":"","jetpack_publicize_message":"","jetpack_publicize_feature_enabled":true,"jetpack_social_post_already_shared":true,"jetpack_social_options":{"image_generator_settings":{"template":"highway","default_image_id":0,"font":"","enabled":false},"version":2}},"categories":[54],"tags":[],"class_list":["post-85953","post","type-post","status-publish","format-standard","has-post-thumbnail","hentry","category-yucatan"],"jetpack_publicize_connections":[],"jetpack_featured_media_url":"https:\/\/formalprision.com\/wp-content\/uploads\/2021\/03\/plage.jpg","jetpack_sharing_enabled":true,"jetpack_shortlink":"https:\/\/wp.me\/p6id8p-mml","_links":{"self":[{"href":"https:\/\/formalprision.com\/index.php?rest_route=\/wp\/v2\/posts\/85953","targetHints":{"allow":["GET"]}}],"collection":[{"href":"https:\/\/formalprision.com\/index.php?rest_route=\/wp\/v2\/posts"}],"about":[{"href":"https:\/\/formalprision.com\/index.php?rest_route=\/wp\/v2\/types\/post"}],"author":[{"embeddable":true,"href":"https:\/\/formalprision.com\/index.php?rest_route=\/wp\/v2\/users\/2"}],"replies":[{"embeddable":true,"href":"https:\/\/formalprision.com\/index.php?rest_route=%2Fwp%2Fv2%2Fcomments&post=85953"}],"version-history":[{"count":0,"href":"https:\/\/formalprision.com\/index.php?rest_route=\/wp\/v2\/posts\/85953\/revisions"}],"wp:featuredmedia":[{"embeddable":true,"href":"https:\/\/formalprision.com\/index.php?rest_route=\/wp\/v2\/media\/85956"}],"wp:attachment":[{"href":"https:\/\/formalprision.com\/index.php?rest_route=%2Fwp%2Fv2%2Fmedia&parent=85953"}],"wp:term":[{"taxonomy":"category","embeddable":true,"href":"https:\/\/formalprision.com\/index.php?rest_route=%2Fwp%2Fv2%2Fcategories&post=85953"},{"taxonomy":"post_tag","embeddable":true,"href":"https:\/\/formalprision.com\/index.php?rest_route=%2Fwp%2Fv2%2Ftags&post=85953"}],"curies":[{"name":"wp","href":"https:\/\/api.w.org\/{rel}","templated":true}]}}