{"id":85966,"date":"2021-03-30T00:07:30","date_gmt":"2021-03-30T05:07:30","guid":{"rendered":"http:\/\/formalprision.com\/?p=85966"},"modified":"2021-03-30T00:07:30","modified_gmt":"2021-03-30T05:07:30","slug":"por-la-semana-santa-suspenden-de-manera-temporal-el-video-mapping-en-izamal","status":"publish","type":"post","link":"https:\/\/formalprision.com\/?p=85966","title":{"rendered":"Por la Semana Santa, suspenden de manera temporal el video mapping en Izamal"},"content":{"rendered":"\n<p>El Patronato de las Unidades de Servicios Culturales y Tur\u00edsticos (Cultur) informa que por la celebraci\u00f3n de los oficios de la Semana Santa en el Convento San Antonio de Padua de Izamal, se suspender\u00e1 de manera temporal el espect\u00e1culo de \u201cv\u00eddeo mapping\u201d, del jueves 1 al s\u00e1bado 3 de abril.<\/p>\n\n\n\n<p>Las presentaciones de este evento se reanudar\u00e1n al siguiente jueves 8 de abril, a la hora acostumbrada, es decir, a las 8 de la noche.<\/p>\n\n\n\n<p>\u00abAprovechamos la oportunidad para invitarlos a que, cumpliendo con todas las medidas sanitarias, lo visiten a partir de esta \u00faltima fecha, ya que se trata de una proyecci\u00f3n de alta calidad que los dejar\u00e1 realmente encantados\u00bb, indica Cultur en un comunicado.<\/p>\n","protected":false},"excerpt":{"rendered":"<p>El Patronato de las Unidades de Servicios Culturales y Tur\u00edsticos (Cultur) informa que por la celebraci\u00f3n de los oficios de la Semana Santa en el Convento San Antonio de Padua<\/p>\n","protected":false},"author":2,"featured_media":85968,"comment_status":"open","ping_status":"open","sticky":false,"template":"","format":"standard","meta":{"jetpack_post_was_ever_published":false,"_jetpack_newsletter_access":"","_jetpack_dont_email_post_to_subs":false,"_jetpack_newsletter_tier_id":0,"_jetpack_memberships_contains_paywalled_content":false,"_jetpack_memberships_contains_paid_content":false,"footnotes":"","jetpack_publicize_message":"","jetpack_publicize_feature_enabled":true,"jetpack_social_post_already_shared":true,"jetpack_social_options":{"image_generator_settings":{"template":"highway","default_image_id":0,"font":"","enabled":false},"version":2}},"categories":[54],"tags":[],"class_list":["post-85966","post","type-post","status-publish","format-standard","has-post-thumbnail","hentry","category-yucatan"],"jetpack_publicize_connections":[],"jetpack_featured_media_url":"https:\/\/formalprision.com\/wp-content\/uploads\/2021\/03\/Izamal2.jpeg","jetpack_sharing_enabled":true,"jetpack_shortlink":"https:\/\/wp.me\/p6id8p-mmy","_links":{"self":[{"href":"https:\/\/formalprision.com\/index.php?rest_route=\/wp\/v2\/posts\/85966","targetHints":{"allow":["GET"]}}],"collection":[{"href":"https:\/\/formalprision.com\/index.php?rest_route=\/wp\/v2\/posts"}],"about":[{"href":"https:\/\/formalprision.com\/index.php?rest_route=\/wp\/v2\/types\/post"}],"author":[{"embeddable":true,"href":"https:\/\/formalprision.com\/index.php?rest_route=\/wp\/v2\/users\/2"}],"replies":[{"embeddable":true,"href":"https:\/\/formalprision.com\/index.php?rest_route=%2Fwp%2Fv2%2Fcomments&post=85966"}],"version-history":[{"count":0,"href":"https:\/\/formalprision.com\/index.php?rest_route=\/wp\/v2\/posts\/85966\/revisions"}],"wp:featuredmedia":[{"embeddable":true,"href":"https:\/\/formalprision.com\/index.php?rest_route=\/wp\/v2\/media\/85968"}],"wp:attachment":[{"href":"https:\/\/formalprision.com\/index.php?rest_route=%2Fwp%2Fv2%2Fmedia&parent=85966"}],"wp:term":[{"taxonomy":"category","embeddable":true,"href":"https:\/\/formalprision.com\/index.php?rest_route=%2Fwp%2Fv2%2Fcategories&post=85966"},{"taxonomy":"post_tag","embeddable":true,"href":"https:\/\/formalprision.com\/index.php?rest_route=%2Fwp%2Fv2%2Ftags&post=85966"}],"curies":[{"name":"wp","href":"https:\/\/api.w.org\/{rel}","templated":true}]}}