{"id":85979,"date":"2021-03-30T02:10:09","date_gmt":"2021-03-30T07:10:09","guid":{"rendered":"http:\/\/formalprision.com\/?p=85979"},"modified":"2021-03-30T02:10:09","modified_gmt":"2021-03-30T07:10:09","slug":"turismo-responsable-en-semana-santa-liborio-vidal","status":"publish","type":"post","link":"https:\/\/formalprision.com\/?p=85979","title":{"rendered":"Turismo responsable en Semana Santa: Liborio Vidal"},"content":{"rendered":"\n<p>Valladolid, Yucat\u00e1n, a 29 de marzo de 2021.- \u201cLa temporada de vacaciones permite a muchas familias tener un justo descanso de las actividades cotidianas, algunas de estas familias deciden cambiar de ambiente y salir, eso es muy bueno para reactivar la econom\u00eda pero hay que cuidarnos y evitar que en 15 d\u00edas, se eleve el n\u00famero de contagios\u201d, dijo Liborio Vidal Aguilar.<\/p>\n\n\n\n<p>El empresario vallisoletano dijo que ahora que hay m\u00e1s informaci\u00f3n sobre la enfermedad y que ya parte de la poblaci\u00f3n m\u00e1s vulnerable recibi\u00f3 la primera dosis de la vacuna es m\u00e1s factible salir de casa y visitar algunos lugares.<\/p>\n\n\n\n<p>\u201cMuchos sitios tienen estrictos protocolos de salud que permiten disfrutar de los espacios de forma m\u00e1s segura, eso s\u00ed, siempre con cubrebocas, lav\u00e1ndonos las manos constantemente, usando gel antibacterial y guardando la sana distancia en todo momento\u201d, destac\u00f3.<\/p>\n\n\n\n<p>Agreg\u00f3 que a nivel mundial se ha recomendado optar por lugares abiertos, cercanos al lugar de origen de cada uno para poder llegar por carretera y retornar a casa, aunque los hoteles tambi\u00e9n tienen protocolos que hacen segura la pernocta.<\/p>\n\n\n\n<p>\u201cEsta semana santa si vamos a salir podemos ir a lugares cerca de nuestra casa, por ejemplo en el oriente est\u00e1 la zona arqueol\u00f3gica de Ek Balam, los cenotes como el Selva Maya, el X\u2019keken y el X\u2019canche, nuestras preciosas playas de R\u00edo Lagartos, San Felipe, El Cuyo y Santa Clara, hay muchas opciones cerca de nosotros, porque somos privilegiados de tener un estado tan bello\u201d.<\/p>\n\n\n\n<p>El #AmigoLibo considera importante que la gente se mueva y vaya a \u201cpueblear\u201d o visitar sitios tur\u00edsticos con el cuidado debido y en beneficio de la salud f\u00edsica y mental, pero tambi\u00e9n de las personas que dependen del sector terciario como los restauranteros, hoteleros, artesanos, turisteros y todos los proveedores de bienes y servicios.<\/p>\n\n\n\n<p>\u201cLos yucatecos tenemos muchas opciones cerca de nuestros hogares para pasar un rato agradable, sin exponernos y llevando bienestar a un sector que se ha visto muy afectado por la pandemia como lo es el tur\u00edstico\u201d, expres\u00f3 Liborio Vidal.\u00a0(Comunicado de Prensa) <\/p>\n","protected":false},"excerpt":{"rendered":"<p>Valladolid, Yucat\u00e1n, a 29 de marzo de 2021.- \u201cLa temporada de vacaciones permite a muchas familias tener un justo descanso de las actividades cotidianas, algunas de estas familias deciden cambiar<\/p>\n","protected":false},"author":1,"featured_media":85980,"comment_status":"open","ping_status":"open","sticky":false,"template":"","format":"standard","meta":{"jetpack_post_was_ever_published":false,"_jetpack_newsletter_access":"","_jetpack_dont_email_post_to_subs":false,"_jetpack_newsletter_tier_id":0,"_jetpack_memberships_contains_paywalled_content":false,"_jetpack_memberships_contains_paid_content":false,"footnotes":"","jetpack_publicize_message":"Rrcord\u00f3 que a nivel mundial se ha recomendado optar por lugares abiertos, cercanos al lugar de origen de cada uno para poder llegar por carretera y retornar a casa, aunque los hoteles tambi\u00e9n tienen protocolos que hacen segura la pernocta.","jetpack_publicize_feature_enabled":true,"jetpack_social_post_already_shared":true,"jetpack_social_options":{"image_generator_settings":{"template":"highway","default_image_id":0,"font":"","enabled":false},"version":2}},"categories":[17],"tags":[],"class_list":["post-85979","post","type-post","status-publish","format-standard","has-post-thumbnail","hentry","category-politica-y-gobierno"],"jetpack_publicize_connections":[],"jetpack_featured_media_url":"https:\/\/formalprision.com\/wp-content\/uploads\/2021\/03\/LVA-29032021.jpg","jetpack_sharing_enabled":true,"jetpack_shortlink":"https:\/\/wp.me\/p6id8p-mmL","_links":{"self":[{"href":"https:\/\/formalprision.com\/index.php?rest_route=\/wp\/v2\/posts\/85979","targetHints":{"allow":["GET"]}}],"collection":[{"href":"https:\/\/formalprision.com\/index.php?rest_route=\/wp\/v2\/posts"}],"about":[{"href":"https:\/\/formalprision.com\/index.php?rest_route=\/wp\/v2\/types\/post"}],"author":[{"embeddable":true,"href":"https:\/\/formalprision.com\/index.php?rest_route=\/wp\/v2\/users\/1"}],"replies":[{"embeddable":true,"href":"https:\/\/formalprision.com\/index.php?rest_route=%2Fwp%2Fv2%2Fcomments&post=85979"}],"version-history":[{"count":0,"href":"https:\/\/formalprision.com\/index.php?rest_route=\/wp\/v2\/posts\/85979\/revisions"}],"wp:featuredmedia":[{"embeddable":true,"href":"https:\/\/formalprision.com\/index.php?rest_route=\/wp\/v2\/media\/85980"}],"wp:attachment":[{"href":"https:\/\/formalprision.com\/index.php?rest_route=%2Fwp%2Fv2%2Fmedia&parent=85979"}],"wp:term":[{"taxonomy":"category","embeddable":true,"href":"https:\/\/formalprision.com\/index.php?rest_route=%2Fwp%2Fv2%2Fcategories&post=85979"},{"taxonomy":"post_tag","embeddable":true,"href":"https:\/\/formalprision.com\/index.php?rest_route=%2Fwp%2Fv2%2Ftags&post=85979"}],"curies":[{"name":"wp","href":"https:\/\/api.w.org\/{rel}","templated":true}]}}