{"id":85982,"date":"2021-03-30T02:21:14","date_gmt":"2021-03-30T07:21:14","guid":{"rendered":"http:\/\/formalprision.com\/?p=85982"},"modified":"2021-03-30T02:21:14","modified_gmt":"2021-03-30T07:21:14","slug":"usuarios-del-transporte-publico-aprueban-la-nueva-reubicacion-de-los-paraderos-en-el-centro","status":"publish","type":"post","link":"https:\/\/formalprision.com\/?p=85982","title":{"rendered":"Usuarios del transporte p\u00fablico aprueban la nueva reubicaci\u00f3n de los paraderos en el Centro"},"content":{"rendered":"\n<p>M\u00e9rida, Yucat\u00e1n, 29 de marzo de 2021.- Para Janet Soler Tejedo la reubicaci\u00f3n de las zonas de ascenso y descenso del transporte p\u00fablico en el Centro Hist\u00f3rico de M\u00e9rida ha significado menor tiempo de traslado.&nbsp;<\/p>\n\n\n\n<p>Casi al cierre de la jornada de este lunes el servicio se segu\u00eda prestando de manera normal y sin mayores contratiempos para las personas que se trasladaban a sus diferentes destinos, lo cual hicieron de manera m\u00e1s \u00e1gil y sin inconvenientes.<\/p>\n\n\n\n<p>\u201cEsto ha mejorado la accesibilidad, vamos directo al lugar donde est\u00e1 el paradero y ahorramos tiempo. Creo que el saber d\u00f3nde est\u00e1 la ubicaci\u00f3n exacta de los paraderos nos ayuda a evitar estar en contacto con otras personas, por lo que tambi\u00e9n nos ayuda a cuidar nuestra salud\u201d indic\u00f3 Soler Tejedo.<\/p>\n\n\n\n<p>La madre de familia enfatiz\u00f3 que la campa\u00f1a informativa que lanz\u00f3 el Gobierno del Estado para hacer saber a la poblaci\u00f3n sobre estos cambios, fue muy \u00fatil. \u201cFue muy buena porque as\u00ed ya est\u00e1bamos al tanto de que nuestros paraderos iban a cambiar. Escuch\u00e9 que iba a haber cambios en la televisi\u00f3n y en radio por lo que no tuve que dar ninguna vuelta para encontrarlo\u201d, precis\u00f3 la mujer.<\/p>\n\n\n\n<p>La ama de casa y habitante del fraccionamiento de Ciudad Caucel asever\u00f3 que en este d\u00eda, su tiempo de traslado fue menor, gracias al acercamiento de estas zonas de ascenso y descenso. \u201cMe ahorr\u00e9 tiempo, entre 15 y 20 minutos, lo cual es muestra de que estos cambios han sido efectivos\u201d, coment\u00f3.<\/p>\n\n\n\n<p>&nbsp;Por su parte, el joven Alex Brice\u00f1o Noh dijo que la nueva ubicaci\u00f3n de los paraderos le ha beneficiado puesto que la zona donde aborda su cami\u00f3n le queda m\u00e1s cercana, por lo que tiene un ahorro considerable de tiempo.<\/p>\n\n\n\n<p>\u00abTodos los cambios son para el bien y protecci\u00f3n de la salud, porque a final de cuentas es la nueva normalidad y si se hacen ajustes, pues todos tenemos que adaptarnos\u201d, expres\u00f3.<\/p>\n\n\n\n<p>Es importante recordar que las adecuaciones a las nuevas zonas de ascenso y descenso son parte del Plan de Mejora a la Movilidad Urbana en el Centro hist\u00f3rico de la capital, y es el resultado del trabajo realizado en la mesas de evaluaci\u00f3n, en la cual participaron el Gobierno del Estado y la C\u00e1mara Nacional de Comercio, Servicio y Turismo (Canaco Servytur) de M\u00e9rida.&nbsp;<\/p>\n\n\n\n<p>Tambi\u00e9n se hicieron adecuaciones en las \u00e1reas de carga y descarga as\u00ed como modificaciones en los horarios para realizar estas maniobras dentro del Centro Hist\u00f3rico.<\/p>\n","protected":false},"excerpt":{"rendered":"<p>M\u00e9rida, Yucat\u00e1n, 29 de marzo de 2021.- Para Janet Soler Tejedo la reubicaci\u00f3n de las zonas de ascenso y descenso del transporte p\u00fablico en el Centro Hist\u00f3rico de M\u00e9rida ha<\/p>\n","protected":false},"author":1,"featured_media":85983,"comment_status":"open","ping_status":"open","sticky":false,"template":"","format":"standard","meta":{"jetpack_post_was_ever_published":false,"_jetpack_newsletter_access":"","_jetpack_dont_email_post_to_subs":false,"_jetpack_newsletter_tier_id":0,"_jetpack_memberships_contains_paywalled_content":false,"_jetpack_memberships_contains_paid_content":false,"footnotes":"","jetpack_publicize_message":"Ha significado menor tiempo de traslado, ahorr\u00e1ndose algunos hasta 20 minutos en llegar de un paradero a otro, toda vez que con la reubicaci\u00f3n anterior, las zonas de ascenso y descenso se alejaron del centro","jetpack_publicize_feature_enabled":true,"jetpack_social_post_already_shared":true,"jetpack_social_options":{"image_generator_settings":{"template":"highway","default_image_id":0,"font":"","enabled":false},"version":2}},"categories":[14],"tags":[],"class_list":["post-85982","post","type-post","status-publish","format-standard","has-post-thumbnail","hentry","category-merida"],"jetpack_publicize_connections":[],"jetpack_featured_media_url":"https:\/\/formalprision.com\/wp-content\/uploads\/2021\/03\/image00004-32-1.jpeg","jetpack_sharing_enabled":true,"jetpack_shortlink":"https:\/\/wp.me\/p6id8p-mmO","_links":{"self":[{"href":"https:\/\/formalprision.com\/index.php?rest_route=\/wp\/v2\/posts\/85982","targetHints":{"allow":["GET"]}}],"collection":[{"href":"https:\/\/formalprision.com\/index.php?rest_route=\/wp\/v2\/posts"}],"about":[{"href":"https:\/\/formalprision.com\/index.php?rest_route=\/wp\/v2\/types\/post"}],"author":[{"embeddable":true,"href":"https:\/\/formalprision.com\/index.php?rest_route=\/wp\/v2\/users\/1"}],"replies":[{"embeddable":true,"href":"https:\/\/formalprision.com\/index.php?rest_route=%2Fwp%2Fv2%2Fcomments&post=85982"}],"version-history":[{"count":0,"href":"https:\/\/formalprision.com\/index.php?rest_route=\/wp\/v2\/posts\/85982\/revisions"}],"wp:featuredmedia":[{"embeddable":true,"href":"https:\/\/formalprision.com\/index.php?rest_route=\/wp\/v2\/media\/85983"}],"wp:attachment":[{"href":"https:\/\/formalprision.com\/index.php?rest_route=%2Fwp%2Fv2%2Fmedia&parent=85982"}],"wp:term":[{"taxonomy":"category","embeddable":true,"href":"https:\/\/formalprision.com\/index.php?rest_route=%2Fwp%2Fv2%2Fcategories&post=85982"},{"taxonomy":"post_tag","embeddable":true,"href":"https:\/\/formalprision.com\/index.php?rest_route=%2Fwp%2Fv2%2Ftags&post=85982"}],"curies":[{"name":"wp","href":"https:\/\/api.w.org\/{rel}","templated":true}]}}