{"id":8600,"date":"2011-03-02T15:45:00","date_gmt":"2011-03-02T15:45:00","guid":{"rendered":"http:\/\/formalprision.info\/2011\/03\/02\/nino-de-un-ano-se-cae-del-colchon-por\/"},"modified":"2015-06-03T08:58:16","modified_gmt":"2015-06-03T08:58:16","slug":"nino-de-un-ano-se-cae-del-colchon-por","status":"publish","type":"post","link":"https:\/\/formalprision.com\/?p=8600","title":{"rendered":"Ni\u00f1o de un a\u00f1o se cae del colch\u00f3n por descuido de su madre"},"content":{"rendered":"<p>Al Hospital O\u00b4Hor\u00e1n fue ingresado HUMBERTO GUTIERREZ SOSA, de 1 a\u00f1o de edad, con domicilio en la colonia Agr\u00edcola.<br \/>El ni\u00f1o result\u00f3 lesionado al caerse cuando su madre le cambiaba el pa\u00f1al.<br \/>En el nosocomio se entrevist\u00f3 a su madre Mar\u00eda Jos\u00e9 Sosa Ak\u00e9, quien manifest\u00f3 que se encontraba en su domicilio cambi\u00e1ndole el pa\u00f1al, en un descuido, el menor gir\u00f3 y cay\u00f3 del colch\u00f3n.<br \/>Presenta traumatismo craneoencef\u00e1lico y est\u00e1 delicado<\/p>\n","protected":false},"excerpt":{"rendered":"<p>Al Hospital O\u00b4Hor\u00e1n fue ingresado HUMBERTO GUTIERREZ SOSA, de 1 a\u00f1o de edad, con domicilio en la colonia Agr\u00edcola.El ni\u00f1o result\u00f3 lesionado al caerse cuando su madre le cambiaba el<\/p>\n","protected":false},"author":1,"featured_media":0,"comment_status":"open","ping_status":"open","sticky":false,"template":"","format":"standard","meta":{"jetpack_post_was_ever_published":false,"_jetpack_newsletter_access":"","_jetpack_dont_email_post_to_subs":false,"_jetpack_newsletter_tier_id":0,"_jetpack_memberships_contains_paywalled_content":false,"_jetpack_memberships_contains_paid_content":false,"footnotes":"","jetpack_publicize_message":"","jetpack_publicize_feature_enabled":true,"jetpack_social_post_already_shared":false,"jetpack_social_options":{"image_generator_settings":{"template":"highway","default_image_id":0,"font":"","enabled":false},"version":2}},"categories":[3,1,53],"tags":[],"class_list":["post-8600","post","type-post","status-publish","format-standard","hentry","category-portada","category-sin-categoria","category-yo-no-fui"],"jetpack_publicize_connections":[],"jetpack_featured_media_url":"","jetpack_sharing_enabled":true,"jetpack_shortlink":"https:\/\/wp.me\/p6id8p-2eI","_links":{"self":[{"href":"https:\/\/formalprision.com\/index.php?rest_route=\/wp\/v2\/posts\/8600","targetHints":{"allow":["GET"]}}],"collection":[{"href":"https:\/\/formalprision.com\/index.php?rest_route=\/wp\/v2\/posts"}],"about":[{"href":"https:\/\/formalprision.com\/index.php?rest_route=\/wp\/v2\/types\/post"}],"author":[{"embeddable":true,"href":"https:\/\/formalprision.com\/index.php?rest_route=\/wp\/v2\/users\/1"}],"replies":[{"embeddable":true,"href":"https:\/\/formalprision.com\/index.php?rest_route=%2Fwp%2Fv2%2Fcomments&post=8600"}],"version-history":[{"count":0,"href":"https:\/\/formalprision.com\/index.php?rest_route=\/wp\/v2\/posts\/8600\/revisions"}],"wp:attachment":[{"href":"https:\/\/formalprision.com\/index.php?rest_route=%2Fwp%2Fv2%2Fmedia&parent=8600"}],"wp:term":[{"taxonomy":"category","embeddable":true,"href":"https:\/\/formalprision.com\/index.php?rest_route=%2Fwp%2Fv2%2Fcategories&post=8600"},{"taxonomy":"post_tag","embeddable":true,"href":"https:\/\/formalprision.com\/index.php?rest_route=%2Fwp%2Fv2%2Ftags&post=8600"}],"curies":[{"name":"wp","href":"https:\/\/api.w.org\/{rel}","templated":true}]}}