{"id":8610,"date":"2011-02-28T19:28:00","date_gmt":"2011-02-28T19:28:00","guid":{"rendered":"http:\/\/formalprision.info\/2011\/02\/28\/atacan-navajazos-ulises-carrillo\/"},"modified":"2015-06-03T08:58:20","modified_gmt":"2015-06-03T08:58:20","slug":"atacan-navajazos-ulises-carrillo","status":"publish","type":"post","link":"https:\/\/formalprision.com\/?p=8610","title":{"rendered":"Atacan a navajazos a Ulises Carrillo"},"content":{"rendered":"<div style=\"TEXT-ALIGN: justify\"><\/div>\n<p> El Hospital O\u00b4Hor\u00e1n inform\u00f3 el ingreso de ULISES  CARRILLO COB\u00c1, de 50 a\u00f1os de edad, con domicilio en la colonia Plan de Ayala, qui\u00e9n fue lesionado con arma blaca. el manifest\u00f3 que ayer a las 17:00 horas, caminaba cerca de Xmatkuil, cuando un grupo de 6 sujetos lo intercept\u00f3 y uno de ellos lo sesion\u00f3 con una navaja. Lesiones: herida de 5 cm de longitud producida por arma blanca en regi\u00f3n espl\u00e9nica, sin penetraci\u00f3n de cavidad abdominal, y hematoma en ojo derecho.<\/p>\n","protected":false},"excerpt":{"rendered":"<p>El Hospital O\u00b4Hor\u00e1n inform\u00f3 el ingreso de ULISES CARRILLO COB\u00c1, de 50 a\u00f1os de edad, con domicilio en la colonia Plan de Ayala, qui\u00e9n fue lesionado con arma blaca. el<\/p>\n","protected":false},"author":1,"featured_media":0,"comment_status":"open","ping_status":"open","sticky":false,"template":"","format":"standard","meta":{"jetpack_post_was_ever_published":false,"_jetpack_newsletter_access":"","_jetpack_dont_email_post_to_subs":false,"_jetpack_newsletter_tier_id":0,"_jetpack_memberships_contains_paywalled_content":false,"_jetpack_memberships_contains_paid_content":false,"footnotes":"","jetpack_publicize_message":"","jetpack_publicize_feature_enabled":true,"jetpack_social_post_already_shared":false,"jetpack_social_options":{"image_generator_settings":{"template":"highway","default_image_id":0,"font":"","enabled":false},"version":2}},"categories":[50,3,1],"tags":[],"class_list":["post-8610","post","type-post","status-publish","format-standard","hentry","category-machines","category-portada","category-sin-categoria"],"jetpack_publicize_connections":[],"jetpack_featured_media_url":"","jetpack_sharing_enabled":true,"jetpack_shortlink":"https:\/\/wp.me\/p6id8p-2eS","_links":{"self":[{"href":"https:\/\/formalprision.com\/index.php?rest_route=\/wp\/v2\/posts\/8610","targetHints":{"allow":["GET"]}}],"collection":[{"href":"https:\/\/formalprision.com\/index.php?rest_route=\/wp\/v2\/posts"}],"about":[{"href":"https:\/\/formalprision.com\/index.php?rest_route=\/wp\/v2\/types\/post"}],"author":[{"embeddable":true,"href":"https:\/\/formalprision.com\/index.php?rest_route=\/wp\/v2\/users\/1"}],"replies":[{"embeddable":true,"href":"https:\/\/formalprision.com\/index.php?rest_route=%2Fwp%2Fv2%2Fcomments&post=8610"}],"version-history":[{"count":0,"href":"https:\/\/formalprision.com\/index.php?rest_route=\/wp\/v2\/posts\/8610\/revisions"}],"wp:attachment":[{"href":"https:\/\/formalprision.com\/index.php?rest_route=%2Fwp%2Fv2%2Fmedia&parent=8610"}],"wp:term":[{"taxonomy":"category","embeddable":true,"href":"https:\/\/formalprision.com\/index.php?rest_route=%2Fwp%2Fv2%2Fcategories&post=8610"},{"taxonomy":"post_tag","embeddable":true,"href":"https:\/\/formalprision.com\/index.php?rest_route=%2Fwp%2Fv2%2Ftags&post=8610"}],"curies":[{"name":"wp","href":"https:\/\/api.w.org\/{rel}","templated":true}]}}