{"id":8619,"date":"2011-02-27T13:29:00","date_gmt":"2011-02-27T13:29:00","guid":{"rendered":"http:\/\/formalprision.info\/2011\/02\/27\/tres-heridos-de-bala-y-33-detenidos-en\/"},"modified":"2015-06-03T08:58:21","modified_gmt":"2015-06-03T08:58:21","slug":"tres-heridos-de-bala-y-33-detenidos-en","status":"publish","type":"post","link":"https:\/\/formalprision.com\/?p=8619","title":{"rendered":"Tres heridos de bala y 33 detenidos en pleito de pandillas en Kanas\u00edn"},"content":{"rendered":"<p>Kanas\u00edn durmi\u00f3 volentamente anoche, pues una trifulca entre pandilleros dej\u00f3 tress heridos de bala.<br \/>El pleito gener\u00f3 tremenda movilizaci\u00f3n polic\u00edaca, que dej\u00f3 33 pandilleros detenidos.<br \/>La SSP tuvo que ir al resctate de la polic\u00eda de Kanas\u00edn porque los delincuentes estaban armados y ellos no.<br \/>La trifulca con balazos tuvo lugar en en la colonia Cuauhtemoc de ese municipio poco antes de las 12 de la noche.<br \/>Los heridos de bala fueron llevados de urgencia a hospitales en M\u00e9rida.<br \/>La violencia se ha generalizado en Kanas\u00edn, principalmente por bandas de pandilleros.<\/p>\n","protected":false},"excerpt":{"rendered":"<p>Kanas\u00edn durmi\u00f3 volentamente anoche, pues una trifulca entre pandilleros dej\u00f3 tress heridos de bala.El pleito gener\u00f3 tremenda movilizaci\u00f3n polic\u00edaca, que dej\u00f3 33 pandilleros detenidos.La SSP tuvo que ir al resctate<\/p>\n","protected":false},"author":1,"featured_media":0,"comment_status":"open","ping_status":"open","sticky":false,"template":"","format":"standard","meta":{"jetpack_post_was_ever_published":false,"_jetpack_newsletter_access":"","_jetpack_dont_email_post_to_subs":false,"_jetpack_newsletter_tier_id":0,"_jetpack_memberships_contains_paywalled_content":false,"_jetpack_memberships_contains_paid_content":false,"footnotes":"","jetpack_publicize_message":"","jetpack_publicize_feature_enabled":true,"jetpack_social_post_already_shared":false,"jetpack_social_options":{"image_generator_settings":{"template":"highway","default_image_id":0,"font":"","enabled":false},"version":2}},"categories":[3,1,49],"tags":[],"class_list":["post-8619","post","type-post","status-publish","format-standard","hentry","category-portada","category-sin-categoria","category-tocho-morocho"],"jetpack_publicize_connections":[],"jetpack_featured_media_url":"","jetpack_sharing_enabled":true,"jetpack_shortlink":"https:\/\/wp.me\/p6id8p-2f1","_links":{"self":[{"href":"https:\/\/formalprision.com\/index.php?rest_route=\/wp\/v2\/posts\/8619","targetHints":{"allow":["GET"]}}],"collection":[{"href":"https:\/\/formalprision.com\/index.php?rest_route=\/wp\/v2\/posts"}],"about":[{"href":"https:\/\/formalprision.com\/index.php?rest_route=\/wp\/v2\/types\/post"}],"author":[{"embeddable":true,"href":"https:\/\/formalprision.com\/index.php?rest_route=\/wp\/v2\/users\/1"}],"replies":[{"embeddable":true,"href":"https:\/\/formalprision.com\/index.php?rest_route=%2Fwp%2Fv2%2Fcomments&post=8619"}],"version-history":[{"count":0,"href":"https:\/\/formalprision.com\/index.php?rest_route=\/wp\/v2\/posts\/8619\/revisions"}],"wp:attachment":[{"href":"https:\/\/formalprision.com\/index.php?rest_route=%2Fwp%2Fv2%2Fmedia&parent=8619"}],"wp:term":[{"taxonomy":"category","embeddable":true,"href":"https:\/\/formalprision.com\/index.php?rest_route=%2Fwp%2Fv2%2Fcategories&post=8619"},{"taxonomy":"post_tag","embeddable":true,"href":"https:\/\/formalprision.com\/index.php?rest_route=%2Fwp%2Fv2%2Ftags&post=8619"}],"curies":[{"name":"wp","href":"https:\/\/api.w.org\/{rel}","templated":true}]}}