{"id":8631,"date":"2011-02-24T17:20:00","date_gmt":"2011-02-24T17:20:00","guid":{"rendered":"http:\/\/formalprision.info\/2011\/02\/24\/nino-de-5-anos-toma-garrapaticida-pero\/"},"modified":"2015-06-03T08:58:23","modified_gmt":"2015-06-03T08:58:23","slug":"nino-de-5-anos-toma-garrapaticida-pero","status":"publish","type":"post","link":"https:\/\/formalprision.com\/?p=8631","title":{"rendered":"Ni\u00f1o de 5 a\u00f1os toma garrapaticida, pero no tien\u00eda garrapatas"},"content":{"rendered":"<p><a href=\"http:\/\/2.bp.blogspot.com\/-6Rk5aRVWDvI\/TWYH18-a7DI\/AAAAAAAACug\/8ukLc97MPuM\/s1600\/foto_Bovitraz%255B1%255D.jpg\"><img decoding=\"async\" id=\"BLOGGER_PHOTO_ID_5577153812027337778\" style=\"FLOAT: left; MARGIN: 0px 10px 10px 0px; WIDTH: 242px; CURSOR: hand; HEIGHT: 314px\" alt=\"\" src=\"http:\/\/formalprision.com\/wp-content\/uploads\/2011\/02\/foto_Bovitraz%5B1%5D.jpg\" border=\"0\" \/><\/a><\/p>\n<div>Al Centro M\u00e9dico T-1 del IMSS fue llevado el menor JAN ALEXIS L\u00d3PEZ VALENCIA, de 5 a\u00f1os de edad, quien ingiri\u00f3 por error garrapaticida.<\/div>\n<p><\/p>\n<div>Maryl\u00edn L\u00f3pez, madre del menor, dijo que son vecinos de Kanas\u00edn y que por accidente su hijo hab\u00eda ingerido garrapaticida creyendo que era un medicamento..<\/div>\n<p><\/p>\n<div>Sus familiares lo trasladaron de inmediato al hospital, en donde se le practic\u00f3 un lavado estomacal y se determin\u00f3 que \u00fanicamente presentaba intoxicaci\u00f3n leve.<\/div>\n","protected":false},"excerpt":{"rendered":"<p>Al Centro M\u00e9dico T-1 del IMSS fue llevado el menor JAN ALEXIS L\u00d3PEZ VALENCIA, de 5 a\u00f1os de edad, quien ingiri\u00f3 por error garrapaticida. Maryl\u00edn L\u00f3pez, madre del menor, dijo<\/p>\n","protected":false},"author":1,"featured_media":27201,"comment_status":"open","ping_status":"open","sticky":false,"template":"","format":"standard","meta":{"jetpack_post_was_ever_published":false,"_jetpack_newsletter_access":"","_jetpack_dont_email_post_to_subs":false,"_jetpack_newsletter_tier_id":0,"_jetpack_memberships_contains_paywalled_content":false,"_jetpack_memberships_contains_paid_content":false,"footnotes":"","jetpack_publicize_message":"","jetpack_publicize_feature_enabled":true,"jetpack_social_post_already_shared":false,"jetpack_social_options":{"image_generator_settings":{"template":"highway","default_image_id":0,"font":"","enabled":false},"version":2}},"categories":[3,1,53],"tags":[],"class_list":["post-8631","post","type-post","status-publish","format-standard","has-post-thumbnail","hentry","category-portada","category-sin-categoria","category-yo-no-fui"],"jetpack_publicize_connections":[],"jetpack_featured_media_url":"https:\/\/formalprision.com\/wp-content\/uploads\/2011\/02\/foto_Bovitraz%5B1%5D.jpg","jetpack_sharing_enabled":true,"jetpack_shortlink":"https:\/\/wp.me\/p6id8p-2fd","_links":{"self":[{"href":"https:\/\/formalprision.com\/index.php?rest_route=\/wp\/v2\/posts\/8631","targetHints":{"allow":["GET"]}}],"collection":[{"href":"https:\/\/formalprision.com\/index.php?rest_route=\/wp\/v2\/posts"}],"about":[{"href":"https:\/\/formalprision.com\/index.php?rest_route=\/wp\/v2\/types\/post"}],"author":[{"embeddable":true,"href":"https:\/\/formalprision.com\/index.php?rest_route=\/wp\/v2\/users\/1"}],"replies":[{"embeddable":true,"href":"https:\/\/formalprision.com\/index.php?rest_route=%2Fwp%2Fv2%2Fcomments&post=8631"}],"version-history":[{"count":0,"href":"https:\/\/formalprision.com\/index.php?rest_route=\/wp\/v2\/posts\/8631\/revisions"}],"wp:featuredmedia":[{"embeddable":true,"href":"https:\/\/formalprision.com\/index.php?rest_route=\/wp\/v2\/media\/27201"}],"wp:attachment":[{"href":"https:\/\/formalprision.com\/index.php?rest_route=%2Fwp%2Fv2%2Fmedia&parent=8631"}],"wp:term":[{"taxonomy":"category","embeddable":true,"href":"https:\/\/formalprision.com\/index.php?rest_route=%2Fwp%2Fv2%2Fcategories&post=8631"},{"taxonomy":"post_tag","embeddable":true,"href":"https:\/\/formalprision.com\/index.php?rest_route=%2Fwp%2Fv2%2Ftags&post=8631"}],"curies":[{"name":"wp","href":"https:\/\/api.w.org\/{rel}","templated":true}]}}