{"id":8637,"date":"2011-02-23T17:26:00","date_gmt":"2011-02-23T17:26:00","guid":{"rendered":"http:\/\/formalprision.info\/2011\/02\/23\/dos-narcos-de-la-fidel-velazqiez-a\/"},"modified":"2015-06-03T08:58:24","modified_gmt":"2015-06-03T08:58:24","slug":"dos-narcos-de-la-fidel-velazqiez-a","status":"publish","type":"post","link":"https:\/\/formalprision.com\/?p=8637","title":{"rendered":"Dos narcos de la Fidel Vel\u00e1zqiez al penal"},"content":{"rendered":"<p><a href=\"http:\/\/1.bp.blogspot.com\/-C0m04IDzXZ0\/TWVGL486A1I\/AAAAAAAACtw\/NFoDE2qzHSY\/s1600\/aaaaanarco.jpg\"><img decoding=\"async\" id=\"BLOGGER_PHOTO_ID_5576940883648578386\" style=\"FLOAT: left; MARGIN: 0px 10px 10px 0px; WIDTH: 400px; CURSOR: hand; HEIGHT: 268px\" alt=\"\" src=\"http:\/\/formalprision.com\/wp-content\/uploads\/2011\/02\/aaaaanarco.jpg\" border=\"0\" \/><\/a><\/p>\n<div>Mientras realizaban una investigaci\u00f3n en el fraccionamiento Fidel Vel\u00e1zquez, agentes de la Polic\u00eda Judicial sorprendieron a Javier Antonio Cruz V\u00e1zquez y Marco Antonio Vargas Gurubel, de 35 y 34 a\u00f1os de edade, en plena operaci\u00f3n de compra-venta de mariguana.<\/div>\n<p><\/p>\n<div>Durante la detenci\u00f3n de estos sujetos, Ricardo Emilio Pav\u00f3n Garc\u00eda, de 26 a\u00f1os de edad, quien se encontraba platicando con Cruz V\u00e1zquez cuando ocurrieron los hechos, trat\u00f3 de impedir la que los sujetos fuesen detenidos, confrontando incluso a los agentes ministeriales, por lo que tambi\u00e9n fue puesto a disposici\u00f3n del Ministerio P\u00fablico.<br \/>La captura de los sujetos se realiz\u00f3 gracias una denuncia ciudadana, informando que en la calle 40 por 59 de dicho fraccionamiento se encontraba un sujeto vendiendo alg\u00fan tipo de droga, por lo que los agentes se aproximaron al lugar, en donde corroboraron la presencia del vendedor (Cruz V\u00e1zquez), a quien vigilaron a distancia hasta que minutos despu\u00e9s realiz\u00f3 una operaci\u00f3n con Vargas Gurubel.<\/div>\n<p><\/p>\n<div>Sin embargo, cuando los elementos procedieron a la detenci\u00f3n de estos sujetos para su traslado a las instalaciones de la Procuradur\u00eda General de Justicia, \u00e9stos opusieron resistencia y el vendedor tom\u00f3 un machete que manten\u00eda oculto entre la hierba, con el cual comenz\u00f3 a lanzar tajos, siendo sometido por los agentes ministeriales y ocup\u00e1ndose tambi\u00e9n el arma blanca, mientras Vargas Gurubel, aprovechando la situaci\u00f3n, intent\u00f3 darse a la fuga, infructuosamente, ya que de inmediato se le dio alcance y fue tambi\u00e9n sometido.<br \/>Finalmente, ya sometidos, mientras vendedor y comprador eran dirigidos al veh\u00edculo oficial, Ricardo Emilio Pav\u00f3n Garc\u00eda, a quien en la revisi\u00f3n no se le hab\u00eda encontrado objeto alguno, intent\u00f3 entorpecer la detenci\u00f3n, interponi\u00e9ndose al paso de los agentes y agredi\u00e9ndolos verbalmente, motivo por el cual tambi\u00e9n fue detenido y junto con los otros dos sujetos, puesto a disposici\u00f3n de las autoridades ministeriales para los fines legales correspondientes. <\/div>\n","protected":false},"excerpt":{"rendered":"<p>Mientras realizaban una investigaci\u00f3n en el fraccionamiento Fidel Vel\u00e1zquez, agentes de la Polic\u00eda Judicial sorprendieron a Javier Antonio Cruz V\u00e1zquez y Marco Antonio Vargas Gurubel, de 35 y 34 a\u00f1os<\/p>\n","protected":false},"author":1,"featured_media":27213,"comment_status":"open","ping_status":"open","sticky":false,"template":"","format":"standard","meta":{"jetpack_post_was_ever_published":false,"_jetpack_newsletter_access":"","_jetpack_dont_email_post_to_subs":false,"_jetpack_newsletter_tier_id":0,"_jetpack_memberships_contains_paywalled_content":false,"_jetpack_memberships_contains_paid_content":false,"footnotes":"","jetpack_publicize_message":"","jetpack_publicize_feature_enabled":true,"jetpack_social_post_already_shared":false,"jetpack_social_options":{"image_generator_settings":{"template":"highway","default_image_id":0,"font":"","enabled":false},"version":2}},"categories":[47,3,1],"tags":[],"class_list":["post-8637","post","type-post","status-publish","format-standard","has-post-thumbnail","hentry","category-narcos","category-portada","category-sin-categoria"],"jetpack_publicize_connections":[],"jetpack_featured_media_url":"https:\/\/formalprision.com\/wp-content\/uploads\/2011\/02\/aaaaanarco.jpg","jetpack_sharing_enabled":true,"jetpack_shortlink":"https:\/\/wp.me\/p6id8p-2fj","_links":{"self":[{"href":"https:\/\/formalprision.com\/index.php?rest_route=\/wp\/v2\/posts\/8637","targetHints":{"allow":["GET"]}}],"collection":[{"href":"https:\/\/formalprision.com\/index.php?rest_route=\/wp\/v2\/posts"}],"about":[{"href":"https:\/\/formalprision.com\/index.php?rest_route=\/wp\/v2\/types\/post"}],"author":[{"embeddable":true,"href":"https:\/\/formalprision.com\/index.php?rest_route=\/wp\/v2\/users\/1"}],"replies":[{"embeddable":true,"href":"https:\/\/formalprision.com\/index.php?rest_route=%2Fwp%2Fv2%2Fcomments&post=8637"}],"version-history":[{"count":0,"href":"https:\/\/formalprision.com\/index.php?rest_route=\/wp\/v2\/posts\/8637\/revisions"}],"wp:featuredmedia":[{"embeddable":true,"href":"https:\/\/formalprision.com\/index.php?rest_route=\/wp\/v2\/media\/27213"}],"wp:attachment":[{"href":"https:\/\/formalprision.com\/index.php?rest_route=%2Fwp%2Fv2%2Fmedia&parent=8637"}],"wp:term":[{"taxonomy":"category","embeddable":true,"href":"https:\/\/formalprision.com\/index.php?rest_route=%2Fwp%2Fv2%2Fcategories&post=8637"},{"taxonomy":"post_tag","embeddable":true,"href":"https:\/\/formalprision.com\/index.php?rest_route=%2Fwp%2Fv2%2Ftags&post=8637"}],"curies":[{"name":"wp","href":"https:\/\/api.w.org\/{rel}","templated":true}]}}