{"id":8639,"date":"2011-02-23T00:54:00","date_gmt":"2011-02-23T00:54:00","guid":{"rendered":"http:\/\/formalprision.info\/2011\/02\/23\/a-prision-por-andar-desnudo-en-la-calle\/"},"modified":"2015-06-03T08:58:24","modified_gmt":"2015-06-03T08:58:24","slug":"a-prision-por-andar-desnudo-en-la-calle","status":"publish","type":"post","link":"https:\/\/formalprision.com\/?p=8639","title":{"rendered":"A prisi\u00f3n por andar desnudo en la calle"},"content":{"rendered":"<p><a href=\"http:\/\/1.bp.blogspot.com\/-yu9Wl9aCCt0\/TWIO9wZVFZI\/AAAAAAAACsw\/qhvvQrHyeJU\/s1600\/aaaaempleotas.jpg\"><img decoding=\"async\" id=\"BLOGGER_PHOTO_ID_5576035742764045714\" style=\"FLOAT: left; MARGIN: 0px 10px 10px 0px; WIDTH: 400px; CURSOR: hand; HEIGHT: 354px\" alt=\"\" src=\"http:\/\/formalprision.com\/wp-content\/uploads\/2011\/02\/aaaaempleotas.jpg\" border=\"0\" \/><\/a><\/p>\n<div>Por andar como Dios lo trajo al mundo en la calle, la polic\u00eda de Progreso detuvo a MANUEL CHABLE CHUC.<\/div>\n<p><\/p>\n<div>Fue detenido ayer a las 16:45 hrs en la calle 68 x 19 y 21 del centro de Progreso.<\/div>\n<p><\/p>\n<div>Estaba ebrio y deambulaba completamente desnudo en la v\u00eda p\u00fablica.<\/div>\n<p><\/p>\n<div>La detenci\u00f3n estuvo a cargo de la unidad (7169) al mando del comandante; Jorge Yerbes Cupul y los agentes Martin Flores Pech, Manuel Chi Pav\u00f3n, Jes\u00fas Reyes \u00c1vila y Br\u00edgido Lara Ram\u00f3n.<\/div>\n","protected":false},"excerpt":{"rendered":"<p>Por andar como Dios lo trajo al mundo en la calle, la polic\u00eda de Progreso detuvo a MANUEL CHABLE CHUC. Fue detenido ayer a las 16:45 hrs en la calle<\/p>\n","protected":false},"author":1,"featured_media":27217,"comment_status":"open","ping_status":"open","sticky":false,"template":"","format":"standard","meta":{"jetpack_post_was_ever_published":false,"_jetpack_newsletter_access":"","_jetpack_dont_email_post_to_subs":false,"_jetpack_newsletter_tier_id":0,"_jetpack_memberships_contains_paywalled_content":false,"_jetpack_memberships_contains_paid_content":false,"footnotes":"","jetpack_publicize_message":"","jetpack_publicize_feature_enabled":true,"jetpack_social_post_already_shared":false,"jetpack_social_options":{"image_generator_settings":{"template":"highway","default_image_id":0,"font":"","enabled":false},"version":2}},"categories":[3,1,54],"tags":[],"class_list":["post-8639","post","type-post","status-publish","format-standard","has-post-thumbnail","hentry","category-portada","category-sin-categoria","category-yucatan"],"jetpack_publicize_connections":[],"jetpack_featured_media_url":"https:\/\/formalprision.com\/wp-content\/uploads\/2011\/02\/aaaaempleotas.jpg","jetpack_sharing_enabled":true,"jetpack_shortlink":"https:\/\/wp.me\/p6id8p-2fl","_links":{"self":[{"href":"https:\/\/formalprision.com\/index.php?rest_route=\/wp\/v2\/posts\/8639","targetHints":{"allow":["GET"]}}],"collection":[{"href":"https:\/\/formalprision.com\/index.php?rest_route=\/wp\/v2\/posts"}],"about":[{"href":"https:\/\/formalprision.com\/index.php?rest_route=\/wp\/v2\/types\/post"}],"author":[{"embeddable":true,"href":"https:\/\/formalprision.com\/index.php?rest_route=\/wp\/v2\/users\/1"}],"replies":[{"embeddable":true,"href":"https:\/\/formalprision.com\/index.php?rest_route=%2Fwp%2Fv2%2Fcomments&post=8639"}],"version-history":[{"count":0,"href":"https:\/\/formalprision.com\/index.php?rest_route=\/wp\/v2\/posts\/8639\/revisions"}],"wp:featuredmedia":[{"embeddable":true,"href":"https:\/\/formalprision.com\/index.php?rest_route=\/wp\/v2\/media\/27217"}],"wp:attachment":[{"href":"https:\/\/formalprision.com\/index.php?rest_route=%2Fwp%2Fv2%2Fmedia&parent=8639"}],"wp:term":[{"taxonomy":"category","embeddable":true,"href":"https:\/\/formalprision.com\/index.php?rest_route=%2Fwp%2Fv2%2Fcategories&post=8639"},{"taxonomy":"post_tag","embeddable":true,"href":"https:\/\/formalprision.com\/index.php?rest_route=%2Fwp%2Fv2%2Ftags&post=8639"}],"curies":[{"name":"wp","href":"https:\/\/api.w.org\/{rel}","templated":true}]}}