{"id":8672,"date":"2011-02-15T17:39:00","date_gmt":"2011-02-15T17:39:00","guid":{"rendered":"http:\/\/formalprision.info\/2011\/02\/15\/mas-de-200-canadienses-protestan-contra\/"},"modified":"2015-06-03T08:58:32","modified_gmt":"2015-06-03T08:58:32","slug":"mas-de-200-canadienses-protestan-contra","status":"publish","type":"post","link":"https:\/\/formalprision.com\/?p=8672","title":{"rendered":"M\u00e1s de 200 canadienses protestan contra autoridades progrese\u00f1as"},"content":{"rendered":"<p><a href=\"http:\/\/3.bp.blogspot.com\/-GoRjHa5wjSo\/TVq7M5f3PnI\/AAAAAAAACpY\/W5wgx6oczJI\/s1600\/%253D_utf-8_B_YWNhbjIuanBn_%253D-718948%255B2%255D.jpg\"><img decoding=\"async\" id=\"BLOGGER_PHOTO_ID_5573973319091699314\" style=\"FLOAT: left; MARGIN: 0px 10px 10px 0px; WIDTH: 400px; CURSOR: hand; HEIGHT: 300px\" alt=\"\" src=\"http:\/\/formalprision.com\/wp-content\/uploads\/2011\/02\/%3D_utf-8_B_YWNhbjIuanBn_%3D-718948%5B2%5D.jpg\" border=\"0\" \/><\/a><\/p>\n<div>M\u00e1s de 200 residentes extranjeros se han reunido en la Casa de la Cultura de Progreso en un evento convocado por la Embajada de Canad\u00e1 en M\u00e9xico.<\/div>\n<p><\/p>\n<div>El motivo de la reuni\u00f3n, seg\u00fan se\u00f1alan los mismos residentes, es para externar quejas sobre recientes atropellos registrados en este puerto y en los que se han visto involucrados polic\u00edas de Progreso y otras autoridades. <\/div>\n<p><\/p>\n<div>Hace unas semanas, medios impresos dieron a conocer el caso de la arbitraria detenci\u00f3n de un canadiense en Progreso.<\/div>\n<p><\/p>\n<div>El esposo de conocida pol\u00edtica canadiense fue detenido, lo que deriv\u00f3 incluso en una queja ante la Embajada de M\u00e9xico en Canad\u00e1 y cuyo caso fue ampliamente difundido en peri\u00f3dicos de ese pa\u00eds. Otros canadienses indicaron que tambi\u00e9n denuncian los constantes robos que hay en la zona veraniega de Progreso, donde recientemente yucatecos y americanos denunciaron actos delictivos, lo que oblig\u00f3 al municipio y al gobierno del estado a reforzar la vigilancia en la zona de Chelem y Chuburn\u00e1. <\/div>\n<p><\/p>\n<div>El evento fue presidido por el C\u00f3nsul de Canad\u00e1, Jean Sen\u00e9cal sin la presencia de autoridades mexicanas debido a que se trata de una actividad dirigida a residentes estranjeros. (con informaci\u00f3n del portal progrese\u00f1o ProgresoHoy.com)<\/div>\n","protected":false},"excerpt":{"rendered":"<p>M\u00e1s de 200 residentes extranjeros se han reunido en la Casa de la Cultura de Progreso en un evento convocado por la Embajada de Canad\u00e1 en M\u00e9xico. El motivo de<\/p>\n","protected":false},"author":1,"featured_media":27280,"comment_status":"open","ping_status":"open","sticky":false,"template":"","format":"standard","meta":{"jetpack_post_was_ever_published":false,"_jetpack_newsletter_access":"","_jetpack_dont_email_post_to_subs":false,"_jetpack_newsletter_tier_id":0,"_jetpack_memberships_contains_paywalled_content":false,"_jetpack_memberships_contains_paid_content":false,"footnotes":"","jetpack_publicize_message":"","jetpack_publicize_feature_enabled":true,"jetpack_social_post_already_shared":false,"jetpack_social_options":{"image_generator_settings":{"template":"highway","default_image_id":0,"font":"","enabled":false},"version":2}},"categories":[3,1,49],"tags":[],"class_list":["post-8672","post","type-post","status-publish","format-standard","has-post-thumbnail","hentry","category-portada","category-sin-categoria","category-tocho-morocho"],"jetpack_publicize_connections":[],"jetpack_featured_media_url":"https:\/\/formalprision.com\/wp-content\/uploads\/2011\/02\/%3D_utf-8_B_YWNhbjIuanBn_%3D-718948%5B2%5D.jpg","jetpack_sharing_enabled":true,"jetpack_shortlink":"https:\/\/wp.me\/p6id8p-2fS","_links":{"self":[{"href":"https:\/\/formalprision.com\/index.php?rest_route=\/wp\/v2\/posts\/8672","targetHints":{"allow":["GET"]}}],"collection":[{"href":"https:\/\/formalprision.com\/index.php?rest_route=\/wp\/v2\/posts"}],"about":[{"href":"https:\/\/formalprision.com\/index.php?rest_route=\/wp\/v2\/types\/post"}],"author":[{"embeddable":true,"href":"https:\/\/formalprision.com\/index.php?rest_route=\/wp\/v2\/users\/1"}],"replies":[{"embeddable":true,"href":"https:\/\/formalprision.com\/index.php?rest_route=%2Fwp%2Fv2%2Fcomments&post=8672"}],"version-history":[{"count":0,"href":"https:\/\/formalprision.com\/index.php?rest_route=\/wp\/v2\/posts\/8672\/revisions"}],"wp:featuredmedia":[{"embeddable":true,"href":"https:\/\/formalprision.com\/index.php?rest_route=\/wp\/v2\/media\/27280"}],"wp:attachment":[{"href":"https:\/\/formalprision.com\/index.php?rest_route=%2Fwp%2Fv2%2Fmedia&parent=8672"}],"wp:term":[{"taxonomy":"category","embeddable":true,"href":"https:\/\/formalprision.com\/index.php?rest_route=%2Fwp%2Fv2%2Fcategories&post=8672"},{"taxonomy":"post_tag","embeddable":true,"href":"https:\/\/formalprision.com\/index.php?rest_route=%2Fwp%2Fv2%2Ftags&post=8672"}],"curies":[{"name":"wp","href":"https:\/\/api.w.org\/{rel}","templated":true}]}}