{"id":8677,"date":"2011-02-14T22:31:00","date_gmt":"2011-02-14T22:31:00","guid":{"rendered":"http:\/\/formalprision.info\/2011\/02\/14\/meridano-con-apellido-de-abolengo-la\/"},"modified":"2015-06-03T08:58:33","modified_gmt":"2015-06-03T08:58:33","slug":"meridano-con-apellido-de-abolengo-la","status":"publish","type":"post","link":"https:\/\/formalprision.com\/?p=8677","title":{"rendered":"Meridano con apellido de abolengo a la c\u00e1rcel por rata"},"content":{"rendered":"<p><a href=\"http:\/\/2.bp.blogspot.com\/-vBmJisuWIio\/TVmvbp8wd6I\/AAAAAAAACow\/bGbSaUtOauE\/s1600\/aaaaaaalquierque.bmp\"><img decoding=\"async\" id=\"BLOGGER_PHOTO_ID_5573678903499716514\" style=\"FLOAT: left; MARGIN: 0px 10px 10px 0px; WIDTH: 400px; CURSOR: hand; HEIGHT: 300px\" alt=\"\" src=\"http:\/\/2.bp.blogspot.com\/-vBmJisuWIio\/TVmvbp8wd6I\/AAAAAAAACow\/bGbSaUtOauE\/s400\/aaaaaaalquierque.bmp\" border=\"0\" \/><\/a><\/p>\n<div>Marcos Alburquerque S\u00e1nchez de 32 a\u00f1os de edad e intoxicado con cannabis sustrajo de un predio dos dvd.<\/div>\n<div>Es un ex junior con familia venida a menos y frecuente hu\u00e9sped de las c\u00e1rceles yucatecas.<\/div>\n<p><\/p>\n<div>Fue detenido por elementos de la Secertar\u00faa de Seguridad P\u00fablica. <\/div>\n<p><\/p>\n<div>El sujeto se encontraba en la calle 36-D por 17 y 19 del fraccionamiento Montebello, cargando con los art\u00edculos mismos que no puedo acreditar su procedencia, adem\u00e1s de que no record\u00f3 de cu\u00e1les de las casas lo hurt\u00f3.<br \/>Para evitar ser trasladado a la c\u00e1rcel ofreci\u00f3 los dvd a los oficiales.<\/div>\n<p><\/p>\n<div>Es la cuarta ocasi\u00f3n que Alburquerque S\u00e1nchez es consignado por robo.<\/div>\n<p><\/p>\n<div>En las anteriores 2 fueron a casa habitaci\u00f3n y 1 en escuela.<\/div>\n<p><\/p>\n<div>En total registra 8 ingresos anteriores a la c\u00e1rcel. <\/div>\n","protected":false},"excerpt":{"rendered":"<p>Marcos Alburquerque S\u00e1nchez de 32 a\u00f1os de edad e intoxicado con cannabis sustrajo de un predio dos dvd. Es un ex junior con familia venida a menos y frecuente hu\u00e9sped<\/p>\n","protected":false},"author":1,"featured_media":0,"comment_status":"open","ping_status":"open","sticky":false,"template":"","format":"standard","meta":{"jetpack_post_was_ever_published":false,"_jetpack_newsletter_access":"","_jetpack_dont_email_post_to_subs":false,"_jetpack_newsletter_tier_id":0,"_jetpack_memberships_contains_paywalled_content":false,"_jetpack_memberships_contains_paid_content":false,"footnotes":"","jetpack_publicize_message":"","jetpack_publicize_feature_enabled":true,"jetpack_social_post_already_shared":false,"jetpack_social_options":{"image_generator_settings":{"template":"highway","default_image_id":0,"font":"","enabled":false},"version":2}},"categories":[45,3,57,1],"tags":[],"class_list":["post-8677","post","type-post","status-publish","format-standard","hentry","category-delincuentes-vip","category-portada","category-ratas","category-sin-categoria"],"jetpack_publicize_connections":[],"jetpack_featured_media_url":"","jetpack_sharing_enabled":true,"jetpack_shortlink":"https:\/\/wp.me\/p6id8p-2fX","_links":{"self":[{"href":"https:\/\/formalprision.com\/index.php?rest_route=\/wp\/v2\/posts\/8677","targetHints":{"allow":["GET"]}}],"collection":[{"href":"https:\/\/formalprision.com\/index.php?rest_route=\/wp\/v2\/posts"}],"about":[{"href":"https:\/\/formalprision.com\/index.php?rest_route=\/wp\/v2\/types\/post"}],"author":[{"embeddable":true,"href":"https:\/\/formalprision.com\/index.php?rest_route=\/wp\/v2\/users\/1"}],"replies":[{"embeddable":true,"href":"https:\/\/formalprision.com\/index.php?rest_route=%2Fwp%2Fv2%2Fcomments&post=8677"}],"version-history":[{"count":0,"href":"https:\/\/formalprision.com\/index.php?rest_route=\/wp\/v2\/posts\/8677\/revisions"}],"wp:attachment":[{"href":"https:\/\/formalprision.com\/index.php?rest_route=%2Fwp%2Fv2%2Fmedia&parent=8677"}],"wp:term":[{"taxonomy":"category","embeddable":true,"href":"https:\/\/formalprision.com\/index.php?rest_route=%2Fwp%2Fv2%2Fcategories&post=8677"},{"taxonomy":"post_tag","embeddable":true,"href":"https:\/\/formalprision.com\/index.php?rest_route=%2Fwp%2Fv2%2Ftags&post=8677"}],"curies":[{"name":"wp","href":"https:\/\/api.w.org\/{rel}","templated":true}]}}