{"id":8678,"date":"2011-02-14T17:31:00","date_gmt":"2011-02-14T17:31:00","guid":{"rendered":"http:\/\/formalprision.info\/2011\/02\/14\/bebe-de-un-ano-se-quema-por-descuido-de\/"},"modified":"2015-06-03T08:58:33","modified_gmt":"2015-06-03T08:58:33","slug":"bebe-de-un-ano-se-quema-por-descuido-de","status":"publish","type":"post","link":"https:\/\/formalprision.com\/?p=8678","title":{"rendered":"Beb\u00e9 de un a\u00f1o se quema por descuido de su madre"},"content":{"rendered":"<p><a href=\"http:\/\/4.bp.blogspot.com\/-THaiuIcPFek\/TVhAoKoR_PI\/AAAAAAAACoI\/BQgM0zlwD0Q\/s1600\/images%255B6%255D.jpg\"><img decoding=\"async\" id=\"BLOGGER_PHOTO_ID_5573275597663239410\" style=\"FLOAT: left; MARGIN: 0px 10px 10px 0px; WIDTH: 116px; CURSOR: hand; HEIGHT: 116px\" alt=\"\" src=\"http:\/\/formalprision.com\/wp-content\/uploads\/2011\/02\/images%5B6%5D.jpg\" border=\"0\" \/><\/a><\/p>\n<div>A la Cl\u00ednica T-I del IMSS fue ingresado el menor H\u00c9CTOR GUTIERREZ UH, de 1 a\u00f1o de edad, quien se quem\u00f3 en un descuido de su madre.<\/div>\n<p><\/p>\n<div>El ni\u00f1o vive en un predio ubicado en el fraccionamiento Tixcacal Opich\u00e9n.<\/div>\n<p><\/p>\n<div>Marisela Uh, madre del menor, manifest\u00f3 que preparaba el ba\u00f1o de su hijo, por lo que llen\u00f3 una ba\u00f1era con agua caliente, pero mientras esta se templaba un poco, sali\u00f3 del ba\u00f1o por la ropa del menor, y moment\u00e1neamente descuido a su hijo.<\/div>\n<p><\/p>\n<div>El ni\u00f1o entr\u00f3 a la ba\u00f1era y sufri\u00f3 quemaduras. <\/div>\n<p><\/p>\n<div>Presenta quemaduras de segundo grado en el antebrazo izquierdo y en la mano derecha, as\u00ed como en la mejilla izquierda. <\/div>\n","protected":false},"excerpt":{"rendered":"<p>A la Cl\u00ednica T-I del IMSS fue ingresado el menor H\u00c9CTOR GUTIERREZ UH, de 1 a\u00f1o de edad, quien se quem\u00f3 en un descuido de su madre. El ni\u00f1o vive<\/p>\n","protected":false},"author":1,"featured_media":27289,"comment_status":"open","ping_status":"open","sticky":false,"template":"","format":"standard","meta":{"jetpack_post_was_ever_published":false,"_jetpack_newsletter_access":"","_jetpack_dont_email_post_to_subs":false,"_jetpack_newsletter_tier_id":0,"_jetpack_memberships_contains_paywalled_content":false,"_jetpack_memberships_contains_paid_content":false,"footnotes":"","jetpack_publicize_message":"","jetpack_publicize_feature_enabled":true,"jetpack_social_post_already_shared":false,"jetpack_social_options":{"image_generator_settings":{"template":"highway","default_image_id":0,"font":"","enabled":false},"version":2}},"categories":[48,3,1,53],"tags":[],"class_list":["post-8678","post","type-post","status-publish","format-standard","has-post-thumbnail","hentry","category-pecadoras","category-portada","category-sin-categoria","category-yo-no-fui"],"jetpack_publicize_connections":[],"jetpack_featured_media_url":"https:\/\/formalprision.com\/wp-content\/uploads\/2011\/02\/images%5B6%5D.jpg","jetpack_sharing_enabled":true,"jetpack_shortlink":"https:\/\/wp.me\/p6id8p-2fY","_links":{"self":[{"href":"https:\/\/formalprision.com\/index.php?rest_route=\/wp\/v2\/posts\/8678","targetHints":{"allow":["GET"]}}],"collection":[{"href":"https:\/\/formalprision.com\/index.php?rest_route=\/wp\/v2\/posts"}],"about":[{"href":"https:\/\/formalprision.com\/index.php?rest_route=\/wp\/v2\/types\/post"}],"author":[{"embeddable":true,"href":"https:\/\/formalprision.com\/index.php?rest_route=\/wp\/v2\/users\/1"}],"replies":[{"embeddable":true,"href":"https:\/\/formalprision.com\/index.php?rest_route=%2Fwp%2Fv2%2Fcomments&post=8678"}],"version-history":[{"count":0,"href":"https:\/\/formalprision.com\/index.php?rest_route=\/wp\/v2\/posts\/8678\/revisions"}],"wp:featuredmedia":[{"embeddable":true,"href":"https:\/\/formalprision.com\/index.php?rest_route=\/wp\/v2\/media\/27289"}],"wp:attachment":[{"href":"https:\/\/formalprision.com\/index.php?rest_route=%2Fwp%2Fv2%2Fmedia&parent=8678"}],"wp:term":[{"taxonomy":"category","embeddable":true,"href":"https:\/\/formalprision.com\/index.php?rest_route=%2Fwp%2Fv2%2Fcategories&post=8678"},{"taxonomy":"post_tag","embeddable":true,"href":"https:\/\/formalprision.com\/index.php?rest_route=%2Fwp%2Fv2%2Ftags&post=8678"}],"curies":[{"name":"wp","href":"https:\/\/api.w.org\/{rel}","templated":true}]}}