{"id":8681,"date":"2011-02-13T21:56:00","date_gmt":"2011-02-13T21:56:00","guid":{"rendered":"http:\/\/formalprision.info\/2011\/02\/13\/otro-accidente-mortal-cerca-de-teya\/"},"modified":"2015-06-03T08:58:33","modified_gmt":"2015-06-03T08:58:33","slug":"otro-accidente-mortal-cerca-de-teya","status":"publish","type":"post","link":"https:\/\/formalprision.com\/?p=8681","title":{"rendered":"Otro accidente mortal cerca de Teya; atropellan a Don Jos\u00e9"},"content":{"rendered":"<p><a href=\"http:\/\/3.bp.blogspot.com\/-4Zy0dK3gMaA\/TVhG95k9odI\/AAAAAAAACoY\/-owpagz_FAs\/s1600\/FCAVX8BSKCAQJME53CAJX4OH7CA2MMYNICAZDSH8LCA7WNJMECAFI1CL0CAR8381FCAQ0PP10CAOU3X9ZCAM3NVX5CAWYBNPECAE0A4L0CAOB5C5FCAZFHTAJCA13CIQ3CAGLUXCT.jpg\"><img decoding=\"async\" id=\"BLOGGER_PHOTO_ID_5573282568112808402\" style=\"FLOAT: left; MARGIN: 0px 10px 10px 0px; WIDTH: 120px; CURSOR: hand; HEIGHT: 78px\" alt=\"\" src=\"http:\/\/formalprision.com\/wp-content\/uploads\/2011\/02\/FCAVX8BSKCAQJME53CAJX4OH7CA2MMYNICAZDSH8LCA7WNJMECAFI1CL0CAR8381FCAQ0PP10CAOU3X9ZCAM3NVX5CAWYBNPECAE0A4L0CAOB5C5FCAZFHTAJCA13CIQ3CAGLUXCT.jpg\" border=\"0\" \/><\/a><\/p>\n<div>La salida a Canc\u00fan cobr\u00f3 una nueva v\u00edctima ayer al ser atropellado un velador conocido solo como \u00abDon Jos\u00e9\u00bb.<\/div>\n<p><\/p>\n<div>El accidente ocurri\u00f3 en la carretera M\u00e9rida-Canc\u00fan, en el kil\u00f3metro 10+800, cerca de Teya.<\/div>\n<p><\/p>\n<div>Ah\u00ed fue atropellada la v\u00edctima, un hombre de aproximadamente 50 a\u00f1os y quien vest\u00eda un pantal\u00f3n gris y una camisa blanca. <\/div>\n<p><\/p>\n<div>En el lugar de los hechos Jose Tom\u00e1s Uc Campos, vecino de Teya, dijo que conoc\u00eda al extinto como \u201cDon Jos\u00e9\u201d, ya que \u00e9ste acostumbraba a ir a comprar a la hacienda y adem\u00e1s era velador en un terreno ubicado frente al lugar en donde ocurrieron los hechos.<\/div>\n<p><\/p>\n<div>Asimismo, por informaci\u00f3n de la SSP , se pudo saber que en el kil\u00f3metro 17+500 del anillo Perif\u00e9rico se encontr\u00f3 un veh\u00edculo de la marca Dodge, tipo Attitud, con placas de circulaci\u00f3n 5586-TMD del Estado de Quintana Roo, cuya placa de circulaci\u00f3n delantera, facia, capirote y panor\u00e1mico delantero presentaban da\u00f1os materiales.<br \/>El ahora occiso no portaba identificaci\u00f3n alguna que pudiera proporcionar mayores datos, ni se encontr\u00f3 familiar alguno que pudiera identificar plenamente el cuerpo. <\/div>\n<p><\/p>\n<div>La causa de la muerte: politraumatismo.<\/div>\n","protected":false},"excerpt":{"rendered":"<p>La salida a Canc\u00fan cobr\u00f3 una nueva v\u00edctima ayer al ser atropellado un velador conocido solo como \u00abDon Jos\u00e9\u00bb. El accidente ocurri\u00f3 en la carretera M\u00e9rida-Canc\u00fan, en el kil\u00f3metro 10+800,<\/p>\n","protected":false},"author":1,"featured_media":27295,"comment_status":"open","ping_status":"open","sticky":false,"template":"","format":"standard","meta":{"jetpack_post_was_ever_published":false,"_jetpack_newsletter_access":"","_jetpack_dont_email_post_to_subs":false,"_jetpack_newsletter_tier_id":0,"_jetpack_memberships_contains_paywalled_content":false,"_jetpack_memberships_contains_paid_content":false,"footnotes":"","jetpack_publicize_message":"","jetpack_publicize_feature_enabled":true,"jetpack_social_post_already_shared":false,"jetpack_social_options":{"image_generator_settings":{"template":"highway","default_image_id":0,"font":"","enabled":false},"version":2}},"categories":[44,3,1],"tags":[],"class_list":["post-8681","post","type-post","status-publish","format-standard","has-post-thumbnail","hentry","category-morgue","category-portada","category-sin-categoria"],"jetpack_publicize_connections":[],"jetpack_featured_media_url":"https:\/\/formalprision.com\/wp-content\/uploads\/2011\/02\/FCAVX8BSKCAQJME53CAJX4OH7CA2MMYNICAZDSH8LCA7WNJMECAFI1CL0CAR8381FCAQ0PP10CAOU3X9ZCAM3NVX5CAWYBNPECAE0A4L0CAOB5C5FCAZFHTAJCA13CIQ3CAGLUXCT.jpg","jetpack_sharing_enabled":true,"jetpack_shortlink":"https:\/\/wp.me\/p6id8p-2g1","_links":{"self":[{"href":"https:\/\/formalprision.com\/index.php?rest_route=\/wp\/v2\/posts\/8681","targetHints":{"allow":["GET"]}}],"collection":[{"href":"https:\/\/formalprision.com\/index.php?rest_route=\/wp\/v2\/posts"}],"about":[{"href":"https:\/\/formalprision.com\/index.php?rest_route=\/wp\/v2\/types\/post"}],"author":[{"embeddable":true,"href":"https:\/\/formalprision.com\/index.php?rest_route=\/wp\/v2\/users\/1"}],"replies":[{"embeddable":true,"href":"https:\/\/formalprision.com\/index.php?rest_route=%2Fwp%2Fv2%2Fcomments&post=8681"}],"version-history":[{"count":0,"href":"https:\/\/formalprision.com\/index.php?rest_route=\/wp\/v2\/posts\/8681\/revisions"}],"wp:featuredmedia":[{"embeddable":true,"href":"https:\/\/formalprision.com\/index.php?rest_route=\/wp\/v2\/media\/27295"}],"wp:attachment":[{"href":"https:\/\/formalprision.com\/index.php?rest_route=%2Fwp%2Fv2%2Fmedia&parent=8681"}],"wp:term":[{"taxonomy":"category","embeddable":true,"href":"https:\/\/formalprision.com\/index.php?rest_route=%2Fwp%2Fv2%2Fcategories&post=8681"},{"taxonomy":"post_tag","embeddable":true,"href":"https:\/\/formalprision.com\/index.php?rest_route=%2Fwp%2Fv2%2Ftags&post=8681"}],"curies":[{"name":"wp","href":"https:\/\/api.w.org\/{rel}","templated":true}]}}