{"id":8697,"date":"2011-02-11T16:38:00","date_gmt":"2011-02-11T16:38:00","guid":{"rendered":"http:\/\/formalprision.info\/2011\/02\/11\/traficante-de-madera-detenido-los-de\/"},"modified":"2015-06-03T08:58:36","modified_gmt":"2015-06-03T08:58:36","slug":"traficante-de-madera-detenido-los-de","status":"publish","type":"post","link":"https:\/\/formalprision.com\/?p=8697","title":{"rendered":"Traficante de madera detenido; los de drogas siguen libres"},"content":{"rendered":"<p><a href=\"http:\/\/1.bp.blogspot.com\/-Mc_5GhSmvc0\/TVS_URkV3lI\/AAAAAAAAClo\/lEdhj4_7Z7M\/s1600\/MCAHFQ6Q1CAAJBGG0CA9E8L3MCAD17JSTCAK5KPTYCA8VGSHCCA7PGTP1CAC8QM7MCAIHXKWSCA2NUSXTCAOCUBPXCA4FV4YUCACA8IUKCA34CSIUCAZ2S1X4CANVNMWSCAV62Z27.jpg\"><img decoding=\"async\" id=\"BLOGGER_PHOTO_ID_5572288993998265938\" style=\"FLOAT: left; MARGIN: 0px 10px 10px 0px; WIDTH: 138px; CURSOR: hand; HEIGHT: 103px\" alt=\"\" src=\"http:\/\/formalprision.com\/wp-content\/uploads\/2011\/02\/MCAHFQ6Q1CAAJBGG0CA9E8L3MCAD17JSTCAK5KPTYCA8VGSHCCA7PGTP1CAC8QM7MCAIHXKWSCA2NUSXTCAOCUBPXCA4FV4YUCACA8IUKCA34CSIUCAZ2S1X4CANVNMWSCAV62Z27.jpg\" border=\"0\" \/><\/a><\/p>\n<div>Por transportar maderas cuya explotaci\u00f3n est\u00e1 prohibida, ha sido detenido y remitido a un juzgado federal Doroteo \u00c1lamo Mendoza.<\/div>\n<p><\/p>\n<div>Est\u00e1 acusado de la comisi\u00f3n de un delito ambiental, en la modalidad de transporte de recurso forestal maderable.<br \/>De acuerdo con el expediente, personal de la Procuradur\u00eda Federal de Protecci\u00f3n al Ambiente (PROFEPA), en el entronque M\u00e9rida-Chetumal-Kanas\u00edn, a la altura de la carretera del municipio de Tekit, detuvo para su inspecci\u00f3n una camioneta marca Dodge, color blanco, conducida por \u00c1lamo Mendoza.<br \/>Durante su inspecci\u00f3n se le encontr\u00f3 transportando 5.879 metros c\u00fabicos de madera en rollo y raja de especies duras comunes tropicales, sin la documentaci\u00f3n que acreditara su legal procedencia.<br \/>Por ello, el producto qued\u00f3 a disposici\u00f3n de la Procuradur\u00eda Federal del Medio Ambiente en tanto el inculpado qued\u00f3 recluido en el Centro de Readaptaci\u00f3n Social del estado, a disposici\u00f3n de la autoridad judicial correspondiente.<br \/>Si traficara droga posiblemente estar\u00eda libre, como muchos que hay en las calles de M\u00e9rida<\/div>\n","protected":false},"excerpt":{"rendered":"<p>Por transportar maderas cuya explotaci\u00f3n est\u00e1 prohibida, ha sido detenido y remitido a un juzgado federal Doroteo \u00c1lamo Mendoza. Est\u00e1 acusado de la comisi\u00f3n de un delito ambiental, en la<\/p>\n","protected":false},"author":1,"featured_media":27325,"comment_status":"open","ping_status":"open","sticky":false,"template":"","format":"standard","meta":{"jetpack_post_was_ever_published":false,"_jetpack_newsletter_access":"","_jetpack_dont_email_post_to_subs":false,"_jetpack_newsletter_tier_id":0,"_jetpack_memberships_contains_paywalled_content":false,"_jetpack_memberships_contains_paid_content":false,"footnotes":"","jetpack_publicize_message":"","jetpack_publicize_feature_enabled":true,"jetpack_social_post_already_shared":false,"jetpack_social_options":{"image_generator_settings":{"template":"highway","default_image_id":0,"font":"","enabled":false},"version":2}},"categories":[3,1,53],"tags":[],"class_list":["post-8697","post","type-post","status-publish","format-standard","has-post-thumbnail","hentry","category-portada","category-sin-categoria","category-yo-no-fui"],"jetpack_publicize_connections":[],"jetpack_featured_media_url":"https:\/\/formalprision.com\/wp-content\/uploads\/2011\/02\/MCAHFQ6Q1CAAJBGG0CA9E8L3MCAD17JSTCAK5KPTYCA8VGSHCCA7PGTP1CAC8QM7MCAIHXKWSCA2NUSXTCAOCUBPXCA4FV4YUCACA8IUKCA34CSIUCAZ2S1X4CANVNMWSCAV62Z27.jpg","jetpack_sharing_enabled":true,"jetpack_shortlink":"https:\/\/wp.me\/p6id8p-2gh","_links":{"self":[{"href":"https:\/\/formalprision.com\/index.php?rest_route=\/wp\/v2\/posts\/8697","targetHints":{"allow":["GET"]}}],"collection":[{"href":"https:\/\/formalprision.com\/index.php?rest_route=\/wp\/v2\/posts"}],"about":[{"href":"https:\/\/formalprision.com\/index.php?rest_route=\/wp\/v2\/types\/post"}],"author":[{"embeddable":true,"href":"https:\/\/formalprision.com\/index.php?rest_route=\/wp\/v2\/users\/1"}],"replies":[{"embeddable":true,"href":"https:\/\/formalprision.com\/index.php?rest_route=%2Fwp%2Fv2%2Fcomments&post=8697"}],"version-history":[{"count":0,"href":"https:\/\/formalprision.com\/index.php?rest_route=\/wp\/v2\/posts\/8697\/revisions"}],"wp:featuredmedia":[{"embeddable":true,"href":"https:\/\/formalprision.com\/index.php?rest_route=\/wp\/v2\/media\/27325"}],"wp:attachment":[{"href":"https:\/\/formalprision.com\/index.php?rest_route=%2Fwp%2Fv2%2Fmedia&parent=8697"}],"wp:term":[{"taxonomy":"category","embeddable":true,"href":"https:\/\/formalprision.com\/index.php?rest_route=%2Fwp%2Fv2%2Fcategories&post=8697"},{"taxonomy":"post_tag","embeddable":true,"href":"https:\/\/formalprision.com\/index.php?rest_route=%2Fwp%2Fv2%2Ftags&post=8697"}],"curies":[{"name":"wp","href":"https:\/\/api.w.org\/{rel}","templated":true}]}}