{"id":8720,"date":"2011-02-05T13:31:00","date_gmt":"2011-02-05T13:31:00","guid":{"rendered":"http:\/\/formalprision.info\/2011\/02\/05\/chaval-de-uman-asesina-su-carnalito\/"},"modified":"2015-06-03T08:58:41","modified_gmt":"2015-06-03T08:58:41","slug":"chaval-de-uman-asesina-su-carnalito","status":"publish","type":"post","link":"https:\/\/formalprision.com\/?p=8720","title":{"rendered":"Chaval de Um\u00e1n asesina a su carnalito"},"content":{"rendered":"<p><a href=\"http:\/\/4.bp.blogspot.com\/_QwiJz8zwaOw\/TUz0PRBQ5kI\/AAAAAAAACi4\/qCJS1Ur4xfU\/s1600\/aaaaaacarnalitos.jpg\"><img decoding=\"async\" id=\"BLOGGER_PHOTO_ID_5570095382254380610\" style=\"FLOAT: left; MARGIN: 0px 10px 10px 0px; WIDTH: 320px; CURSOR: hand; HEIGHT: 202px\" alt=\"\" src=\"http:\/\/formalprision.com\/wp-content\/uploads\/2011\/02\/aaaaaacarnalitos.jpg\" border=\"0\" \/><\/a><\/p>\n<div>Un moderno Ca\u00edn umanense fue detenido ayer luego de asesinar a su hermano.<\/div>\n<p><\/p>\n<div>Se trata de Orlando Rangel S\u00e1nchez Poot, de 24 a\u00f1os de edad, quien mat\u00f3 a su carnalitos El\u00edas S\u00e1nchez Poot, de 18 a\u00f1ejos.<br \/>Seg\u00fan las primeras indagatorias, el occiso habr\u00eda fallecido a consecuencia de una herida de arma punzocortante, producto de una ri\u00f1a entre los hermanos, ocurrida en un predio de la Colonia Mejorada de Um\u00e1n,.<\/div>\n<p><\/p>\n<div>El sujeto le perfor\u00f3 el intestino grueso a su hermanito.<\/div>\n<div>Las autoridades ministeriales, adem\u00e1s de la captura de El\u00edas S\u00e1nchez Poot, producto de una oportuna intervenci\u00f3n de los elementos de la Polic\u00eda Judicial con Sede en el Municipio de Um\u00e1n, lograron tambi\u00e9n ocupar el arma que presuntamente habr\u00eda sido utilizada en el hecho, la cual ya se encuentra a disposici\u00f3n de la agencia 27 del Ministerio P\u00fablico para las labores periciales correspondientes. <\/div>\n","protected":false},"excerpt":{"rendered":"<p>Un moderno Ca\u00edn umanense fue detenido ayer luego de asesinar a su hermano. Se trata de Orlando Rangel S\u00e1nchez Poot, de 24 a\u00f1os de edad, quien mat\u00f3 a su carnalitos<\/p>\n","protected":false},"author":1,"featured_media":27368,"comment_status":"open","ping_status":"open","sticky":false,"template":"","format":"standard","meta":{"jetpack_post_was_ever_published":false,"_jetpack_newsletter_access":"","_jetpack_dont_email_post_to_subs":false,"_jetpack_newsletter_tier_id":0,"_jetpack_memberships_contains_paywalled_content":false,"_jetpack_memberships_contains_paid_content":false,"footnotes":"","jetpack_publicize_message":"","jetpack_publicize_feature_enabled":true,"jetpack_social_post_already_shared":false,"jetpack_social_options":{"image_generator_settings":{"template":"highway","default_image_id":0,"font":"","enabled":false},"version":2}},"categories":[59,3,1],"tags":[],"class_list":["post-8720","post","type-post","status-publish","format-standard","has-post-thumbnail","hentry","category-asesinos","category-portada","category-sin-categoria"],"jetpack_publicize_connections":[],"jetpack_featured_media_url":"https:\/\/formalprision.com\/wp-content\/uploads\/2011\/02\/aaaaaacarnalitos.jpg","jetpack_sharing_enabled":true,"jetpack_shortlink":"https:\/\/wp.me\/p6id8p-2gE","_links":{"self":[{"href":"https:\/\/formalprision.com\/index.php?rest_route=\/wp\/v2\/posts\/8720","targetHints":{"allow":["GET"]}}],"collection":[{"href":"https:\/\/formalprision.com\/index.php?rest_route=\/wp\/v2\/posts"}],"about":[{"href":"https:\/\/formalprision.com\/index.php?rest_route=\/wp\/v2\/types\/post"}],"author":[{"embeddable":true,"href":"https:\/\/formalprision.com\/index.php?rest_route=\/wp\/v2\/users\/1"}],"replies":[{"embeddable":true,"href":"https:\/\/formalprision.com\/index.php?rest_route=%2Fwp%2Fv2%2Fcomments&post=8720"}],"version-history":[{"count":0,"href":"https:\/\/formalprision.com\/index.php?rest_route=\/wp\/v2\/posts\/8720\/revisions"}],"wp:featuredmedia":[{"embeddable":true,"href":"https:\/\/formalprision.com\/index.php?rest_route=\/wp\/v2\/media\/27368"}],"wp:attachment":[{"href":"https:\/\/formalprision.com\/index.php?rest_route=%2Fwp%2Fv2%2Fmedia&parent=8720"}],"wp:term":[{"taxonomy":"category","embeddable":true,"href":"https:\/\/formalprision.com\/index.php?rest_route=%2Fwp%2Fv2%2Fcategories&post=8720"},{"taxonomy":"post_tag","embeddable":true,"href":"https:\/\/formalprision.com\/index.php?rest_route=%2Fwp%2Fv2%2Ftags&post=8720"}],"curies":[{"name":"wp","href":"https:\/\/api.w.org\/{rel}","templated":true}]}}