{"id":8727,"date":"2011-02-03T15:38:00","date_gmt":"2011-02-03T15:38:00","guid":{"rendered":"http:\/\/formalprision.info\/2011\/02\/03\/estrena-blog-personal-la-gobernadora\/"},"modified":"2015-06-03T08:58:43","modified_gmt":"2015-06-03T08:58:43","slug":"estrena-blog-personal-la-gobernadora","status":"publish","type":"post","link":"https:\/\/formalprision.com\/?p=8727","title":{"rendered":"Estrena blog personal la gobernadora Ivonne Ortega"},"content":{"rendered":"<p><a href=\"http:\/\/3.bp.blogspot.com\/_QwiJz8zwaOw\/TUpX8DQiupI\/AAAAAAAACho\/mmR0pByZWXc\/s1600\/aaaaaaaaablogde%2Blagober.jpg\"><img decoding=\"async\" id=\"BLOGGER_PHOTO_ID_5569360578375498386\" style=\"FLOAT: left; MARGIN: 0px 10px 10px 0px; WIDTH: 400px; CURSOR: hand; HEIGHT: 100px\" alt=\"\" src=\"http:\/\/formalprision.com\/wp-content\/uploads\/2011\/02\/aaaaaaaaablogde-lagober.jpg\" border=\"0\" \/><\/a><\/p>\n<div>La gobernadora Ivonne Ortega Pacheco lanz\u00f3 ayer oficialmente su blog personal.<\/div>\n<p><\/p>\n<div>Se puede encontrar en la siguiente direcci\u00f3n <a href=\"http:\/\/ivonneortega.wordpress.com\/\">http:\/\/ivonneortega.wordpress.com\/<\/a><\/div>\n<p><\/p>\n<div>Vis\u00edtenlo y dejenme sus comentarios porfass\u00bb se\u00f1ala la gobernadora en su Twitter promocionando su blog.<\/div>\n<p><\/p>\n<div>Entre las cosas que la gobernadora escribi\u00f3 en su blog est\u00e1n las actividades por el 72 aniversario del Estado Salvador Alvarado.<\/div>\n<p><\/p>\n<div>Con un dise\u00f1o sencillo, escogido de entre una plantilla gratuita, el blog de la gobernadora tambi\u00e9n incluye un art\u00edculo que escibri\u00f3 sobre la visita de Juanes en d\u00edas pasados y habla del supuesto inter\u00e9s de empresarios brit\u00e1ncios en el tren r\u00e1pido..<\/div>\n","protected":false},"excerpt":{"rendered":"<p>La gobernadora Ivonne Ortega Pacheco lanz\u00f3 ayer oficialmente su blog personal. Se puede encontrar en la siguiente direcci\u00f3n http:\/\/ivonneortega.wordpress.com\/ Vis\u00edtenlo y dejenme sus comentarios porfass\u00bb se\u00f1ala la gobernadora en su<\/p>\n","protected":false},"author":1,"featured_media":27381,"comment_status":"open","ping_status":"open","sticky":false,"template":"","format":"standard","meta":{"jetpack_post_was_ever_published":false,"_jetpack_newsletter_access":"","_jetpack_dont_email_post_to_subs":false,"_jetpack_newsletter_tier_id":0,"_jetpack_memberships_contains_paywalled_content":false,"_jetpack_memberships_contains_paid_content":false,"footnotes":"","jetpack_publicize_message":"","jetpack_publicize_feature_enabled":true,"jetpack_social_post_already_shared":false,"jetpack_social_options":{"image_generator_settings":{"template":"highway","default_image_id":0,"font":"","enabled":false},"version":2}},"categories":[3,1,55],"tags":[],"class_list":["post-8727","post","type-post","status-publish","format-standard","has-post-thumbnail","hentry","category-portada","category-sin-categoria","category-violines"],"jetpack_publicize_connections":[],"jetpack_featured_media_url":"https:\/\/formalprision.com\/wp-content\/uploads\/2011\/02\/aaaaaaaaablogde-lagober.jpg","jetpack_sharing_enabled":true,"jetpack_shortlink":"https:\/\/wp.me\/p6id8p-2gL","_links":{"self":[{"href":"https:\/\/formalprision.com\/index.php?rest_route=\/wp\/v2\/posts\/8727","targetHints":{"allow":["GET"]}}],"collection":[{"href":"https:\/\/formalprision.com\/index.php?rest_route=\/wp\/v2\/posts"}],"about":[{"href":"https:\/\/formalprision.com\/index.php?rest_route=\/wp\/v2\/types\/post"}],"author":[{"embeddable":true,"href":"https:\/\/formalprision.com\/index.php?rest_route=\/wp\/v2\/users\/1"}],"replies":[{"embeddable":true,"href":"https:\/\/formalprision.com\/index.php?rest_route=%2Fwp%2Fv2%2Fcomments&post=8727"}],"version-history":[{"count":0,"href":"https:\/\/formalprision.com\/index.php?rest_route=\/wp\/v2\/posts\/8727\/revisions"}],"wp:featuredmedia":[{"embeddable":true,"href":"https:\/\/formalprision.com\/index.php?rest_route=\/wp\/v2\/media\/27381"}],"wp:attachment":[{"href":"https:\/\/formalprision.com\/index.php?rest_route=%2Fwp%2Fv2%2Fmedia&parent=8727"}],"wp:term":[{"taxonomy":"category","embeddable":true,"href":"https:\/\/formalprision.com\/index.php?rest_route=%2Fwp%2Fv2%2Fcategories&post=8727"},{"taxonomy":"post_tag","embeddable":true,"href":"https:\/\/formalprision.com\/index.php?rest_route=%2Fwp%2Fv2%2Ftags&post=8727"}],"curies":[{"name":"wp","href":"https:\/\/api.w.org\/{rel}","templated":true}]}}